{"id":7025,"date":"2008-02-05T15:40:45","date_gmt":"2008-02-05T14:40:45","guid":{"rendered":"https:\/\/www.carrierologie.uqam.ca\/?p=7025"},"modified":"2016-02-05T15:46:14","modified_gmt":"2016-02-05T14:46:14","slug":"mot-de-lediteur","status":"publish","type":"post","link":"https:\/\/www.carrierologie.uqam.ca\/index.php\/2008\/mot-de-lediteur\/","title":{"rendered":"Mot de l&rsquo;\u00e9diteur"},"content":{"rendered":"<p class=\"titre\"><strong><a href=\"https:\/\/www.carrierologie.uqam.ca\/wp-content\/uploads\/2008\/02\/Volume11_3-4_381_mot_directeur.pdf\" target=\"_blank\"><img loading=\"lazy\" decoding=\"async\" class=\"wp-image-6934 size-full alignright\" src=\"https:\/\/www.carrierologie.uqam.ca\/wp-content\/uploads\/2016\/02\/PDF-1.png\" alt=\"PDF\" width=\"50\" height=\"50\" \/><\/a><\/strong><\/p>\n<p class=\"titre\"><strong>MOT DE L&rsquo;\u00c9DITEUR<\/strong><\/p>\n<p class=\"txt-j\" style=\"text-align: justify;\">Suite \u00e0 son d\u00e9part \u00e0 la retraite, Marie-Chantal Gu\u00e9don quitte ses fonctions en tant que co-pr\u00e9sidente du comit\u00e9 scientifique de la revue Carri\u00e9rologie pour la francophonie nord-am\u00e9ricaine. Depuis 1997, elle a grandement contribu\u00e9 \u00e0 la qualit\u00e9 des articles publi\u00e9s dans la revue. Je l&rsquo;en remercie sinc\u00e8rement.<\/p>\n<p class=\"txt-j\" style=\"text-align: justify;\">Lucie Lamarche, professeure \u00e0 l&rsquo;Universit\u00e9 de Sherbrooke au D\u00e9partement d&rsquo;orientation professionnelle assumera la rel\u00e8ve. D\u00e9tentrice d&rsquo;un Ph.D. en \u00e9ducation, elle est membre du Collectif de recherche en Counseling et en d\u00e9veloppement de carri\u00e8re (CRCDC). Son enseignement et ses travaux de recherche portent principalement sur le counseling de carri\u00e8re individuel et groupal, de m\u00eame que sur la mesure du maintien professionnel des travailleuses et travailleurs.<\/p>\n<p class=\"txt-j\">Je lui souhaite la bienvenue au sein de l&rsquo;\u00e9quipe de la revue Carri\u00e9rologie.<\/p>\n<p class=\"txt-j\">Yves Chagnon<\/p>\n","protected":false},"excerpt":{"rendered":"<p>MOT DE L&rsquo;\u00c9DITEUR Suite \u00e0 son d\u00e9part \u00e0 la retraite, Marie-Chantal Gu\u00e9don quitte ses fonctions en tant que co-pr\u00e9sidente du comit\u00e9 scientifique de la revue Carri\u00e9rologie pour la francophonie nord-am\u00e9ricaine&#8230;.<\/p>\n","protected":false},"author":101011,"featured_media":0,"comment_status":"open","ping_status":"open","sticky":false,"template":"","format":"standard","meta":{"footnotes":""},"categories":[93],"tags":[],"class_list":["post-7025","post","type-post","status-publish","format-standard","hentry","category-volume-11-numero-3-2008"],"_links":{"self":[{"href":"https:\/\/www.carrierologie.uqam.ca\/index.php\/wp-json\/wp\/v2\/posts\/7025","targetHints":{"allow":["GET"]}}],"collection":[{"href":"https:\/\/www.carrierologie.uqam.ca\/index.php\/wp-json\/wp\/v2\/posts"}],"about":[{"href":"https:\/\/www.carrierologie.uqam.ca\/index.php\/wp-json\/wp\/v2\/types\/post"}],"author":[{"embeddable":true,"href":"https:\/\/www.carrierologie.uqam.ca\/index.php\/wp-json\/wp\/v2\/users\/101011"}],"replies":[{"embeddable":true,"href":"https:\/\/www.carrierologie.uqam.ca\/index.php\/wp-json\/wp\/v2\/comments?post=7025"}],"version-history":[{"count":5,"href":"https:\/\/www.carrierologie.uqam.ca\/index.php\/wp-json\/wp\/v2\/posts\/7025\/revisions"}],"predecessor-version":[{"id":7031,"href":"https:\/\/www.carrierologie.uqam.ca\/index.php\/wp-json\/wp\/v2\/posts\/7025\/revisions\/7031"}],"wp:attachment":[{"href":"https:\/\/www.carrierologie.uqam.ca\/index.php\/wp-json\/wp\/v2\/media?parent=7025"}],"wp:term":[{"taxonomy":"category","embeddable":true,"href":"https:\/\/www.carrierologie.uqam.ca\/index.php\/wp-json\/wp\/v2\/categories?post=7025"},{"taxonomy":"post_tag","embeddable":true,"href":"https:\/\/www.carrierologie.uqam.ca\/index.php\/wp-json\/wp\/v2\/tags?post=7025"}],"curies":[{"name":"wp","href":"https:\/\/api.w.org\/{rel}","templated":true}]}}