{"id":6940,"date":"2008-02-05T03:55:31","date_gmt":"2008-02-05T02:55:31","guid":{"rendered":"https:\/\/www.carrierologie.uqam.ca\/?p=6940"},"modified":"2016-02-05T04:08:33","modified_gmt":"2016-02-05T03:08:33","slug":"la-motivation-au-travail-dans-le-secteur-public-strategies-organisationnelles-et-individuelles-soutenant-le-processus-datteinte-des-objectifs","status":"publish","type":"post","link":"https:\/\/www.carrierologie.uqam.ca\/index.php\/2008\/la-motivation-au-travail-dans-le-secteur-public-strategies-organisationnelles-et-individuelles-soutenant-le-processus-datteinte-des-objectifs\/","title":{"rendered":"La motivation au travail dans le secteur public: strat\u00e9gies organisationnelles et individuelles soutenant le processus d&rsquo;atteinte des objectifs"},"content":{"rendered":"<p><strong class=\"txt-j\">Milena ATZORI, Adalgisa BATTISTELLI<a href=\"https:\/\/www.carrierologie.uqam.ca\/wp-content\/uploads\/2008\/02\/Volume11_3-4_motivation_travaille_503_processus.pdf\" target=\"_blank\"><img loading=\"lazy\" decoding=\"async\" class=\"alignright wp-image-6934 size-full\" src=\"https:\/\/www.carrierologie.uqam.ca\/wp-content\/uploads\/2016\/02\/PDF-1.png\" alt=\"PDF\" width=\"50\" height=\"50\" \/><\/a><br \/>\nUniversit\u00e9 de V\u00e9ronne, D\u00e9partement de psychologie et d&rsquo;anthropologie culturelle, Italie <\/strong><\/p>\n<hr width=\"100%\" \/>\n<p class=\"lien-1\" style=\"text-align: justify;\"><strong><a href=\"#auteur\">Auteurs<\/a><\/strong><\/p>\n<p class=\"s-titre\" style=\"text-align: justify;\"><strong>R\u00e9sum\u00e9<a href=\"#abstract\">\/Abstract<\/a><\/strong><\/p>\n<p class=\"resume\" style=\"text-align: justify;\">Cet article porte sur l&rsquo;\u00e9tude du processus d&rsquo;atteinte des objectifs qui d\u00e9bute par la d\u00e9finition des objectifs et conduit \u00e0 leur r\u00e9alisation (Roe, 1999). Nous y avons int\u00e9gr\u00e9 les aspects principaux des th\u00e9ories sur la motivation au travail (d\u00e9finition des objectifs, autod\u00e9termination, cognition sociale). Nous avons suppos\u00e9 que l&rsquo;engagement envers l&rsquo;objectif et l&rsquo;acceptation\/identification des objectifs organisationnels sont m\u00e9diateurs de la relation entre les diff\u00e9rents niveaux de motivation autonome et l&rsquo;agencement des strat\u00e9gies d&rsquo;ex\u00e9cution des objectifs. Une recherche transversale a \u00e9t\u00e9 r\u00e9alis\u00e9e sur un \u00e9chantillon des 160 cadres\/dirigeants de l&rsquo;Administration publique italienne, en utilisant un questionnaire structur\u00e9. Les r\u00e9sultats obtenus indiquent que c&rsquo;est surtout la motivation autonome qui soutient le processus de r\u00e9alisation des objectifs, en agissant sur l&rsquo;engagement envers l&rsquo;objectif et sur l&rsquo;acceptation des objectifs assign\u00e9s. Ceci, dans un contexte organisationnel o\u00f9 le syst\u00e8me de promotion ne semble pas \u00eatre une condition de stimulation de la motivation extrins\u00e8que des individus. Il a \u00e9galement \u00e9t\u00e9 d\u00e9montr\u00e9 que le rapport de confiance et d&rsquo;attachement envers son hi\u00e9rarchique m\u00e9diatise l&rsquo;influence entre l&rsquo;\u00e9quit\u00e9 dans les proc\u00e9dures adopt\u00e9es par le syst\u00e8me organisationnel, le niveau d&rsquo;identification aux objectifs organisationnels et le niveau cons\u00e9cutif d&rsquo;engagement dans la gestion de ceux-ci.<\/p>\n<p class=\"s-titre\" style=\"text-align: justify;\"><strong>Contenu<\/strong><\/p>\n<p class=\"txt-j\" style=\"text-align: justify;\"><strong><a href=\"#1\">1. Probl\u00e9matique et aspects th\u00e9oriques<\/a><br \/>\n<a href=\"#2\">2. Le milieu d&rsquo;implantation et les hypoth\u00e8ses<\/a><br \/>\n<a href=\"#3\">3. M\u00e9thodologie<\/a><\/strong><strong><br \/>\n<a href=\"#4\">4. R\u00e9sultats<\/a><\/strong><strong><br \/>\n<a href=\"#5\">5. Discussion et conclusion<\/a><\/strong><\/p>\n<hr align=\"left\" width=\"33%\" \/>\n<h3 class=\"s-titre\" style=\"text-align: justify;\"><a id=\"1\" name=\"1\"><\/a>1. PROBL\u00c9MATIQUE ET ASPECTS TH\u00c9ORIQUES<\/h3>\n<p class=\"txt-j\" style=\"text-align: justify;\">En Italie, depuis quelques ann\u00e9es, l&rsquo;Administration publique a introduit une \u00ab\u00a0<em> direction par objectifs <\/em>\u00a0\u00bb ce qui am\u00e8ne les dirigeants publics \u00e0 assumer de nouvelles responsabilit\u00e9s, de nouvelles fonctions et de nouveaux pouvoirs au sein d&rsquo;une structure organisationnelle plus seulement focalis\u00e9e sur la prestation de services. Dor\u00e9navant, l&rsquo;Administration publique doit pr\u00e9senter des capacit\u00e9s de r\u00e9gulation, de gestion, de planification et de coordination entre les diff\u00e9rents acteurs sociaux afin d&rsquo;atteindre des objectifs d&rsquo;efficacit\u00e9 et de r\u00e9sultat. L&rsquo;orientation vers ces objectifs signifie aussi avoir une plus grande consid\u00e9ration des syst\u00e8mes de r\u00e9compense, d&rsquo;encouragement et de motivation des personnels. Une gestion plus actuelle et plus souple doit favoriser l&rsquo;implication directe des travailleurs dans l&rsquo;atteinte des objectifs organisationnels vis\u00e9s.<\/p>\n<p class=\"txt-j\" style=\"text-align: justify;\">Concernant le processus d&rsquo;autor\u00e9gulation qui conduit l&rsquo;individu \u00e0 moduler ses propres comportements (soutenus par la motivation) en vue d&rsquo;atteindre des objectifs sp\u00e9cifiques, l&rsquo;un des mod\u00e8les th\u00e9oriques les plus explicatifs semble \u00eatre le mod\u00e8le \u00ab\u00a0calendrier\u00a0\u00bb de Roe (1999). Ce mod\u00e8le d\u00e9compose le processus d&rsquo;action qui caract\u00e9rise la performance au travail en cinq phases diff\u00e9rentes : (1) la<em> g\u00e9n\u00e9ration<\/em> (une phase pr\u00e9-d\u00e9cisionnelle et une phase d\u00e9cisionnelle permettent d&rsquo;\u00e9valuer les actions\/objectifs possibles par rapport au temps, \u00e0 l&rsquo;importance et aux moyens disponibles)\u00a0; (2) le <em>filtrage<\/em> (d&rsquo;apr\u00e8s l&rsquo;importance de l&rsquo;objectif pour l&rsquo;individu et l&rsquo;organisation, des strat\u00e9gies sont \u00e9labor\u00e9es pour faire face aux objectifs multiples); (3) la <em>programmation <\/em>(les objectifs sont r\u00e9\u00e9valu\u00e9s et ordonn\u00e9s temporellement \u00e0 travers l&rsquo;\u00e9laboration d&rsquo;une \u00e9chelle de priorit\u00e9 et d&rsquo;une planification attentive); (4) le<em> maintien<\/em> (qui garantit dans le temps la dur\u00e9e de l&rsquo;objectif d\u00e9fini au cas o\u00f9 il ne pourrait pas se r\u00e9aliser dans les temps pr\u00e9vus \u00e0 cause d&#8217;emp\u00eachements externes ou d&rsquo;objectifs plus urgents); (5) l&rsquo;<em>ex\u00e9cution<\/em> (au niveau cognitif, les objectifs pr\u00e9c\u00e9demment planifi\u00e9s sont identifi\u00e9s, suivis de la mobilisation des \u00e9nergies pour l&rsquo;action).<\/p>\n<p class=\"txt-j\" style=\"text-align: justify;\">Consid\u00e9rant la motivation comme une force qui oriente, soutient et dirige le comportement visant \u00e0 r\u00e9aliser les objectifs pr\u00e9c\u00e9demment d\u00e9finis (Pinder, 1998), ce mod\u00e8le apporte des int\u00e9grations essentielles par rapport aux \u00e9tudes pr\u00e9c\u00e9dentes (Kanfer, 1992). Il alloue une importance non seulement au passage cognitif volontaire qui am\u00e8ne \u00e0 la prise de d\u00e9cision apr\u00e8s la formulation d&rsquo;une intention, mais aussi aux strat\u00e9gies d&rsquo;action diversifi\u00e9es qui doivent \u00eatre mises en place pour que la d\u00e9cision prise reste active dans le temps. Le mod\u00e8le de Roe (1999) est encore actuel au regard de l&rsquo;importance attribu\u00e9e \u00e0 la perspective temporelle, analys\u00e9e du point de vue de l&rsquo;interaction entre des objectifs \u00e0 court et \u00e0 long terme, mais aussi de la hi\u00e9rarchisation de ces objectifs. La phase du filtrage, incluse dans le mod\u00e8le, peut aider \u00e0 comprendre que les d\u00e9cisions qui sont prises au jour le jour sont davantage conditionn\u00e9es par l&rsquo;\u00e9chelle des priorit\u00e9s cr\u00e9\u00e9e pour les diff\u00e9rents engagements que par les intentions formul\u00e9es en phase de d\u00e9finition de l&rsquo;objectif, ce qui rend moins convaincant le lien de cause \u00e0 effet entre l&rsquo;intention et l&rsquo;action.<\/p>\n<p class=\"txt-j\" style=\"text-align: justify;\">Cependant, l&rsquo;une des critiques que l&rsquo;on peut avancer sur ce mod\u00e8le est qu&rsquo;il est extr\u00eamement centr\u00e9 sur le processus d&rsquo;action li\u00e9 \u00e0 la r\u00e9alisation des objectifs, ce qui am\u00e8ne \u00e0 supposer la pr\u00e9sence de la motivation uniquement \u00e0 travers sa propre performance. Le mod\u00e8le, en effet, dresse une liste des facteurs qui influencent l&rsquo;activit\u00e9 de travail en se limitant \u00e0 un panorama r\u00e9solument g\u00e9n\u00e9ral des processus motivationnels d\u00e9terminant la succession des actions, sans aller dans des d\u00e9tails qui sp\u00e9cifieraient soit les diff\u00e9rents stimuli capables d&rsquo;orienter le comportement, soit les diff\u00e9rentes typologies d&rsquo;objectif qui, de par leur nature (par exemple, objectifs de performance confront\u00e9s aux objectifs de d\u00e9veloppement des comp\u00e9tences) peuvent avoir une force motivationnelle diff\u00e9rente.<\/p>\n<p class=\"txt-j\" style=\"text-align: justify;\">En r\u00e9alit\u00e9, le construit de motivation aurait besoin d&rsquo;une analyse plus approfondie en \u00e9tudiant les aspects qui influencent l&rsquo;engagement, l&rsquo;implication personnelle et l&rsquo;\u00e9nergie employ\u00e9e dans les activit\u00e9s de travail. Parmi ces aspects, l&rsquo;un des plus significatifs au niveau motivationnel concerne la perception de justice organisationnelle qui permet aux individus, contre leur engagement, d&rsquo;esp\u00e9rer obtenir des formes tangibles ou intangibles de r\u00e9compense. Un tel construit, au-del\u00e0 d&rsquo;influencer les attitudes (engagement de type affectif) envers sa propre organisation (Folger et Konovosky, 1989\u00a0; Moideenkutty, Blau, Kumar et Nalakath, 2001) se r\u00e9v\u00e8le d\u00e9terminant dans la modulation des comportements organisationnels (comportements extra-r\u00f4le, citoyennet\u00e9 organisationnelle) soutenus par de fortes motivations (Colquitt, Colon, Wesson, Porter et Ng, 2001). Il se r\u00e9v\u00e8le aussi impliqu\u00e9 dans la performance au travail (Cohen, Charash et Spector, 2001). Pour ces raisons, en accord avec Li et Butler (2004) qui ont approfondi le r\u00f4le de la justice distributive comme m\u00e9diatrice des effets des caract\u00e9ristiques de la t\u00e2che sur le niveau d&rsquo;engagement envers un objectif, nous supposons que la justice organisationnelle intervient dans la d\u00e9finition des objectifs en agissant sur les motivations qui conduisent \u00e0 accepter les objectifs assign\u00e9s (la r\u00e9gulation des objectifs pouvant \u00eatre intrins\u00e8que, identifi\u00e9e ou introject\u00e9e).<\/p>\n<p class=\"txt-j\" style=\"text-align: justify;\">Les travaux sur la justice organisationnelle dans les \u00e9tudes motivationnelles r\u00e9centes, et notamment sur la dimension de justice interactionnelle (Colquitt et al., 2001), conduisent \u00e0 consid\u00e9rer avec une grande attention plusieurs aspects. Il semble ainsi n\u00e9cessaire de prendre en compte les aspects li\u00e9s au respect et \u00e0 la sinc\u00e9rit\u00e9 d\u00e9montr\u00e9s par le sup\u00e9rieur (justice interpersonnelle), \u00e0 la transmission des informations afin que les proc\u00e9dures soient expliqu\u00e9es de mani\u00e8re ad\u00e9quate et per\u00e7ues comme \u00e9quitables (justice informationnelle) et plus g\u00e9n\u00e9ralement, \u00e0 la qualit\u00e9 des relations entre la direction et les employ\u00e9s. Cette relation se r\u00e9v\u00e8le \u00e9galement fortement d\u00e9termin\u00e9e par le niveau de confiance des subordonn\u00e9s envers leur sup\u00e9rieur direct (Deluga, 1994).<\/p>\n<p class=\"txt-j\" style=\"text-align: justify;\">Dans le m\u00eame sens, la litt\u00e9rature a soulign\u00e9 que le niveau de confiance dans la direction influence les attitudes (engagement affectif) envers l&rsquo;organisation (Tan et Tan, 2000) et la performance au travail (Dirks et Ferrin, 2002). D&rsquo;autres \u00e9tudes ont \u00e9t\u00e9 faites pour \u00e9tablir les effets du niveau de confiance interpersonnelle entre les membres d&rsquo;une m\u00eame \u00e9quipe de travail sur la motivation et sur l&rsquo;engagement \u00e0 r\u00e9aliser les t\u00e2ches de l&rsquo;\u00e9quipe (Dirks, 1999). Cependant, il appara\u00eet indispensable d&rsquo;explorer davantage les effets de cette perception sur le niveau de motivation individuelle selon la perspective de l&rsquo;auto-d\u00e9termination. En effet, selon cette perspective th\u00e9orique (Ryan et Deci, 2000), le climat organisationnel a un r\u00f4le important sur la promotion de la motivation intrins\u00e8que des individus et\/ou l&rsquo;internalisation des objectifs organisationnels. Celuici favorise la satisfaction des besoins d&rsquo;autonomie et de comp\u00e9tence qui sont tr\u00e8s importants pour d\u00e9terminer l&rsquo;efficacit\u00e9 soit du processus de performance soit de la satisfaction envers le travail (Baard, Deci et Ryan, 2004\u00a0; Gagn\u00e9 et Deci, 2005). Partant de ces consid\u00e9rations, le mod\u00e8le de Meyer, Becker et Vandenberghe (2004) se r\u00e9f\u00e8re notamment \u00e0 la motivation intrins\u00e8que et \u00e0 l&rsquo;identification (Gagn\u00e9 et Koestner, 2002). Il introduit le degr\u00e9 d&rsquo;engagement affectif envers l&rsquo;organisation, plus particuli\u00e8rement l&rsquo;engagement envers le sup\u00e9rieur direct, dans les variables capables de d\u00e9terminer les diff\u00e9rentes formes de motivation autonome ou contr\u00f4l\u00e9e. Enfin, d&rsquo;apr\u00e8s les \u00e9tudes qui ont renouvel\u00e9 l&rsquo;int\u00e9r\u00eat pour les facteurs aptitudinaux capables de pr\u00e9voir la motivation au travail (Schmitt, Cortina, Ingerick et Wiechmann, 2003), l&rsquo;analyse de la relation entre l&rsquo;orientation vers l&rsquo;objectif (en particulier l&rsquo;orientation vers l&rsquo;objectif d&rsquo;apprentissage) et les diff\u00e9rents niveaux de motivation autonome ont surtout \u00e9t\u00e9 consid\u00e9r\u00e9es. Les recherches ont notamment pr\u00e9cis\u00e9 la relation entretenue avec les trois strat\u00e9gies d&rsquo;autor\u00e9gulation suivantes : d\u00e9finition de l&rsquo;objectif, engagement dans l&rsquo;objectif, planification et strat\u00e9gies de contr\u00f4le de l&rsquo;action (VandeWalle, Brown, Cron et Slocum, 1999\u00a0; VandeWalle, Cron et Slocum, 2001).<\/p>\n<h3 class=\"s-titre\" style=\"text-align: justify;\"><a id=\"2\" name=\"2\"><\/a>2. LE MILIEU D&rsquo;IMPLANTATION ET LES HYPOTH\u00c8SES<\/h3>\n<p class=\"txt-j\" style=\"text-align: justify;\">Dans la litt\u00e9rature sur la motivation au travail, on a cherch\u00e9 plus souvent \u00e0 comprendre \u00ab\u00a0pourquoi\u00a0\u00bb les individus agissent d&rsquo;une certaine mani\u00e8re plut\u00f4t que de se concentrer sur \u00ab\u00a0comment\u00a0\u00bb les individus sont motiv\u00e9s \u00e0 assumer certains niveaux de responsabilit\u00e9 pour r\u00e9aliser les objectifs assign\u00e9s par une organisation. Cette focalisation diff\u00e9rente a conduit \u00e0 consid\u00e9rer la motivation comme une expression de la performance au travail (selon un rapport de cause \u00e0 effet), en ignorant d&rsquo;autres variables qui concourent \u00e0 la d\u00e9terminer : par exemple, les liens contextuels, les exigences de la t\u00e2che, le niveau de comp\u00e9tence poss\u00e9d\u00e9 ou encore la quantit\u00e9 de soutien offert par le sup\u00e9rieur (Kanfer, 1990). On a \u00e9galement cherch\u00e9 \u00e0 analyser les ant\u00e9c\u00e9dents des diff\u00e9rentes formes de motivation et leurs r\u00e9sultats en termes d&rsquo;acceptation des objectifs, d&rsquo;engagement envers leur r\u00e9alisation et de performance. Bien que la litt\u00e9rature d\u00e9montre que ces dimensions peuvent op\u00e9rer simultan\u00e9ment, en accord avec Meyer, Becker et Vandenberghe (2004), nous estimons qu&rsquo;\u00e0 \u00e9galit\u00e9 de stimuli pr\u00e9sents dans le contexte, il peut y avoir des formes de motivation per\u00e7ues comme plus saillantes au d\u00e9triment d&rsquo;autres. Au sein du secteur public, en effet, on suppose que la r\u00e9gulation externe (motivation extrins\u00e8que bas\u00e9e sur l&rsquo;obtention des b\u00e9n\u00e9fices \u00e9conomiques) ne dirige pas les comportements des cadres et des dirigeants. Pour cette raison, la pr\u00e9sente analyse est principalement centr\u00e9e sur la motivation intrins\u00e8que et sur les deux sous-dimensions de la motivation extrins\u00e8que (introjection et identification) davantage orient\u00e9es vers une motivation de type autonome (volitive et non subordonn\u00e9e \u00e0 l&rsquo;obtention d&rsquo;avantages secondaires).<\/p>\n<p class=\"txt-j\" style=\"text-align: justify;\">Plusieurs recherches (Gagn\u00e9 et Deci, 2005) ont permis de d\u00e9terminer les ant\u00e9c\u00e9dents contextuels. Ils s&rsquo;av\u00e8rent li\u00e9s aux contenus des objectifs (clart\u00e9 et degr\u00e9 de difficult\u00e9 attribu\u00e9s \u00e0 l&rsquo;objectif), aux strat\u00e9gies de gestion adopt\u00e9es pendant leur d\u00e9finition (participation \u00e0 la d\u00e9finition des objectifs) et aux aspects qui caract\u00e9risent le climat organisationnel et le niveau de bien-\u00eatre des travailleurs (engagement affectif, justice organisationnelle, soutien des sup\u00e9rieurs). Parmi les ant\u00e9c\u00e9dents, nous avons choisi de ne pas int\u00e9grer le syst\u00e8me de promotion, parce que ce facteur a \u00e9t\u00e9 traditionnellement consid\u00e9r\u00e9 comme le meilleur pr\u00e9dicteur du niveau motivationnel de l&rsquo;individu (Porter et Lawler, 1968), selon la logique que les r\u00e9compenses satisfaisantes et ad\u00e9quates au niveau d&rsquo;engagement peuvent garantir une performance plus efficace. Par contre, l&rsquo;importance du syst\u00e8me de promotion (surtout fond\u00e9 sur les primes de type externe) a \u00e9t\u00e9 reconsid\u00e9r\u00e9e, parce qu&rsquo;on s&rsquo;est rendu compte que les individus \u00e9taient plus satisfaits lorsqu&rsquo;ils pouvaient participer activement \u00e0 la vie organisationnelle en prenant leurs propres responsabilit\u00e9s et en g\u00e9rant, de mani\u00e8re autonome, leurs charges au travail. Ces diff\u00e9rents \u00e9l\u00e9ments nous conduisent \u00e0 poser une premi\u00e8re hypoth\u00e8se :<\/p>\n<p class=\"txt-j\" style=\"text-align: justify;\">H1. Les facteurs situationnels (clart\u00e9 des objectifs, justice de processus, soutien de la part du sup\u00e9rieur) ont un poids majeur par rapport aux facteurs individuels (auto-comp\u00e9tence, orientation vers l&rsquo;objectif) et favorisent l&rsquo;identification et l&rsquo;introjection des objectifs assign\u00e9s par l&rsquo;organisation (motivation extrins\u00e8que). La motivation intrins\u00e8que est, quant \u00e0 elle, surtout influenc\u00e9e par les facteurs individuels.<\/p>\n<p class=\"txt-j\" style=\"text-align: justify;\">Des \u00e9tudes ont examin\u00e9 les effets sp\u00e9cifiques des contextes et des contenus du travail (caract\u00e9ristiques de la t\u00e2che, feedback, etc.) sur le niveau motivationnel (Gagn\u00e9, Sen\u00e9cal et Koestner, 1997). En parall\u00e8le, certaines analyses mettent en avant les interactions entre les aspects du climat de travail avec soit le niveau de motivation intrins\u00e8que soit le niveau d&rsquo;internalisation (formes de motivation extrins\u00e8que). Sur la base de ces r\u00e9sultats, nous pouvons formuler notre seconde hypoth\u00e8se \u00e0 savoir que :<\/p>\n<p class=\"txt-j\" style=\"text-align: justify;\">H2. Les aspects relatifs au travail (clart\u00e9 des objectifs, participation \u00e0 leur d\u00e9finition) interagissent avec les facteurs relatifs au climat de travail et influencent l&rsquo;introjection et l&rsquo;identification.<\/p>\n<p class=\"txt-j\" style=\"text-align: justify;\">Nous avons \u00e9galement voulu tester un mod\u00e8le capable de synth\u00e9tiser le syst\u00e8me des relations qui caract\u00e9rise la complexit\u00e9 du rapport entre motivations et performance au travail. D&rsquo;une part, parce que la performance au travail est le r\u00e9sultat d&rsquo;un processus d&rsquo;autor\u00e9gulation des strat\u00e9gies cognitives et comportementales r\u00e9alis\u00e9 par l&rsquo;individu (Roe, 1999). D&rsquo;autre part, parce que, selon la perspective temporelle, les motivations qui sont \u00e0 la base de l&rsquo;acceptation des objectifs et du maintien de l&rsquo;engagement influencent la r\u00e9alisation de ces objectifs (Meyer, et al., 2004). La relation entre les objectifs assign\u00e9s, l&rsquo;engagement envers un objectif et la performance a \u00e9t\u00e9 amplement \u00e9tudi\u00e9e (Locke et Latham, 1990). Cependant, certaines recherches ont remis en question l&rsquo;importance de l&rsquo;engagement envers un objectif de r\u00e9sultat quand les objectifs sont d\u00e9termin\u00e9s par l&rsquo;organisation. \u00c0 l&rsquo;inverse, Tubbs et Ekeberg (1991) soutiennent que la centralit\u00e9 de l&rsquo;engagement dans le processus de r\u00e9alisation de l&rsquo;objectif ne peut pas \u00eatre remise en question, les r\u00e9sultats contradictoires devant \u00eatre attribu\u00e9s \u00e0 l&rsquo;habitude de consid\u00e9rer l&rsquo;engagement envers l&rsquo;objectif comme un construit unique.<\/p>\n<p class=\"txt-j\" style=\"text-align: justify;\">Dans la litt\u00e9rature, le point de vue de Hollenbeck et al. (1989) semble \u00eatre pr\u00e9dominant : ils mesurent l&rsquo;engagement envers l&rsquo;objectif uniquement en termes d&rsquo;efforts intentionnels consacr\u00e9s \u00e0 maintenir un engagement dans la r\u00e9alisation d&rsquo;un objectif. Par contre, Tubbs (1993) affirme l&rsquo;importance d&rsquo;\u00e9tudier l&rsquo;engagement envers l&rsquo;objectif \u00e0 travers la mesure des diff\u00e9rents aspects qui contribuent \u00e0 le d\u00e9terminer, c&rsquo;est-\u00e0-dire : l&rsquo;importance attribu\u00e9e aux objectifs de la part des sujets en relation avec les attentes personnelles, la discordance entre les objectifs personnels et organisationnels qui influence leur acceptation, l&rsquo;effort et la pers\u00e9v\u00e9rance dans la poursuite des objectifs dans le temps. Pour comprendre comment les individus commencent \u00e0 s&rsquo;engager par rapport aux objectifs assign\u00e9s et restent engag\u00e9s, il semble n\u00e9cessaire d&rsquo;adopter une optique multidimensionnelle (Tubbs et Dahl, 1991\u00a0; Tubbs, 1994).<\/p>\n<p class=\"txt-j\" style=\"text-align: justify;\">D&rsquo;apr\u00e8s ces observations, nous avons donc cherch\u00e9 \u00e0 explorer les effets diversifi\u00e9s produits par les diff\u00e9rentes fa\u00e7ons d&rsquo;entendre le construit de l&rsquo;engagement envers l&rsquo;objectif (Tubbs, 1993). Pour cela, nous avons test\u00e9 un mod\u00e8le fond\u00e9 sur la litt\u00e9rature concernant les motivations capables de soutenir le choix et la poursuite des objectifs (Tubbs, 1993\u00a0; Klein, Wesson, Hollenbeck et Alge, 1999\u00a0; Roe, 1999\u00a0; Klein, Wesson, Hollenbeck, Wright et DeShon, 2001; Meyer, Becker et Vandenberghe, 2004) et plus particuli\u00e8rement capables de d\u00e9terminer le niveau de l&rsquo;engagement et l&rsquo;ampleur des efforts orient\u00e9s vers une t\u00e2che donn\u00e9e (Steers et Porter, 1991).<\/p>\n<p class=\"txt-j\" style=\"text-align: justify;\">Ce mod\u00e8le, pr\u00e9sent\u00e9 par la figure 1, vise \u00e9galement \u00e0 v\u00e9rifier de fa\u00e7on privil\u00e9gi\u00e9e que le niveau d&rsquo;engagement envers l&rsquo;objectif (entendu comme \u00ab\u00a0construit multidimensionnel\u00a0\u00bb) joue un r\u00f4le de m\u00e9diateur dans la relation entre les diff\u00e9rents types de motivation (contr\u00f4l\u00e9e \/ autonome) et le processus de d\u00e9finition de l&rsquo;objectif. La seule influence directe entre la motivation et le processus d&rsquo;autor\u00e9gulation a \u00e9t\u00e9 sugg\u00e9r\u00e9e par Meyer, Becker et Vandenberghe (2004). Ces auteurs avancent l&rsquo;id\u00e9e que le choix des objectifs est directement influenc\u00e9 par les m\u00e9canismes de r\u00e9gulation de l&rsquo;objectif (en l&rsquo;esp\u00e8ce, par la motivation autonome).<\/p>\n<p class=\"s-titre\" style=\"text-align: center;\" align=\"center\"><strong>Figure 1.<\/strong><br \/>\n<strong> Mod\u00e8le des relations entre motivation,<\/strong><br \/>\n<strong> engagement envers un objectif et processus d&rsquo;autor\u00e9gulation<\/strong><\/p>\n<p class=\"s-titre\" style=\"text-align: justify;\" align=\"center\"><img loading=\"lazy\" decoding=\"async\" class=\"wp-image-6948 size-full aligncenter\" src=\"https:\/\/www.carrierologie.uqam.ca\/wp-content\/uploads\/2008\/02\/Volume11_3-4_motivation_travaille_figure1.png\" alt=\"Volume11_3-4_motivation_travaille_figure1\" width=\"650\" height=\"437\" srcset=\"https:\/\/www.carrierologie.uqam.ca\/wp-content\/uploads\/2008\/02\/Volume11_3-4_motivation_travaille_figure1.png 650w, https:\/\/www.carrierologie.uqam.ca\/wp-content\/uploads\/2008\/02\/Volume11_3-4_motivation_travaille_figure1-300x202.png 300w\" sizes=\"auto, (max-width: 650px) 100vw, 650px\" \/><\/p>\n<h3 class=\"s-titre\" style=\"text-align: justify;\"><a id=\"3\" name=\"3\"><\/a>3. M\u00c9THODOLOGIE<\/h3>\n<p class=\"s-titre\" style=\"text-align: justify;\"><strong>3.1. Population<\/strong><\/p>\n<p class=\"txt-j\" style=\"text-align: justify;\">La population interrog\u00e9e est compos\u00e9e de 160 personnes (\u00e2ge moyen : 44 ans\u00a0; hommes : 53\u00a0% et femmes 47\u00a0%). 52% travaille dans des Minist\u00e8res italiens et 48\u00a0% travaille dans l&rsquo;Administration publique locale\u00a0; l&rsquo;exp\u00e9rience professionnelle moyenne est de 13 ans. 67\u00a0% de l&rsquo;\u00e9chantillon se compose de fonctionnaires de haut niveau avec des fonctions de direction et 33\u00a0% est constitu\u00e9 de dirigeants (les positions organisationnelles sont diff\u00e9rentes mais les responsabilit\u00e9s et les t\u00e2ches sont assimilables). Tous les participants \u00e0 l&rsquo;\u00e9tude ont un niveau scolaire correspondant au Master (classification actuelle)<\/p>\n<p class=\"s-titre\" style=\"text-align: justify;\"><strong>3.2. Mesures<\/strong><\/p>\n<p class=\"txt-j\" style=\"text-align: justify;\">Le recueil des donn\u00e9es a \u00e9t\u00e9 effectu\u00e9 gr\u00e2ce \u00e0 un questionnaire divis\u00e9 en trois sections :<\/p>\n<blockquote>\n<p class=\"txt-j\">(1) Les aspects qui sous-tendent le processus d&rsquo;autor\u00e9gulation :<\/p>\n<\/blockquote>\n<p class=\"txt-j\" style=\"text-align: justify;\"><em>Acceptation des objectifs.<\/em> L&rsquo;\u00e9chelle est compos\u00e9e de six items extraits des travaux de Leifer et McGannon (1986) et Tubbs et Dahl (1991). Cette \u00e9chelle est r\u00e9put\u00e9e pour mesurer la tendance \u00e0 accepter les objectifs assign\u00e9s par l&rsquo;organisation, sur la base de l&rsquo;importance de leur attribution et de la coh\u00e9rence avec les objectifs personnels (exemple d&rsquo;item : \u00ab\u00a0En g\u00e9n\u00e9ral je tends \u00e0 accepter les objectifs qui me sont assign\u00e9s\u00a0\u00bb. Les personnes r\u00e9pondent sur une \u00e9chelle de Likert en 5 points, de \u00ab\u00a01-Pas du tout d&rsquo;accord\u00a0\u00bb \u00e0 \u00ab\u00a05-Tout \u00e0 fait d&rsquo;accord\u00a0\u00bb.<\/p>\n<p class=\"txt-j\" style=\"text-align: justify;\"><em>Engagement envers l&rsquo;objectif. <\/em>L&rsquo;engagement et la pers\u00e9v\u00e9rance dans la r\u00e9alisation des objectifs assign\u00e9s sont mesur\u00e9s \u00e0 travers une \u00e9chelle compos\u00e9e de sept items. Les cinq premiers items sont emprunt\u00e9s \u00e0 l&rsquo;\u00e9chelle de Hollenbeck et al. (1989) dont la validit\u00e9 a \u00e9t\u00e9 d\u00e9montr\u00e9e dans plusieurs recherches (voir notamment Klein et al., 2001). Exemple d&rsquo;item : \u00ab\u00a0Franchement, \u00e7a m&rsquo;est \u00e9gal si je r\u00e9ussis ou pas \u00e0 r\u00e9aliser mes objectifs\u00a0\u00bb. Les deux derniers items ont \u00e9t\u00e9 ajout\u00e9s d&rsquo;apr\u00e8s les \u00e9tudes de Leifer et McGannon (1986) qui ont pr\u00e9f\u00e9r\u00e9 mesurer le niveau d&rsquo;engagement \u00e0 travers des questions plus directes et explicites (ex. : \u00ab\u00a0Je me sens d\u00e9termin\u00e9 \u00e0 r\u00e9aliser mes objectifs\u00a0\u00bb). Les personnes ont r\u00e9pondu sur une \u00e9chelle de Likert en 5 points, de \u00ab\u00a01-Pas du tout d&rsquo;accord\u00a0\u00bb \u00e0 \u00ab\u00a05-Tout \u00e0 fait d&rsquo;accord\u00a0\u00bb.<\/p>\n<p class=\"txt-j\" style=\"text-align: justify;\"><em>Motivation autonome\/contr\u00f4l\u00e9e (r\u00e9gulation de l&rsquo;objectif). <\/em>Pour mesurer la raison qui pousse les individus \u00e0 s&rsquo;engager dans la r\u00e9alisation d&rsquo;un objectif, l&rsquo;<em>Academic Motivation Scale <\/em>(Vallerand et al., 1992, 1993) a \u00e9t\u00e9 utilis\u00e9e. Cette \u00e9chelle est compos\u00e9e de seize items et a \u00e9t\u00e9 adapt\u00e9e afin de s&rsquo;appliquer au contexte organisationnel de notre \u00e9tude. Les personnes ont r\u00e9pondu sur une \u00e9chelle allant de \u00ab\u00a01-Ne correspond pas du tout \u00e0 ce que je pense\u00a0\u00bb \u00e0 \u00ab\u00a05-Correspond exactement \u00e0 ce que je pense\u00a0\u00bb. L&rsquo;\u00e9chelle est compos\u00e9e de quatre dimensions :<\/p>\n<ul style=\"text-align: justify;\">\n<li class=\"txt-j\"><em> motivation intrins\u00e8que<\/em> \u2013 indique la volont\u00e9 de s&rsquo;engager dans une activit\u00e9 pour le plaisir qu&rsquo;on peut en avoir, sans consid\u00e9rer la possibilit\u00e9 de recevoir des r\u00e9compenses\/gratifications (ex. : \u00ab\u00a0J&rsquo;\u00e9prouve plaisir et satisfaction quand je r\u00e9ussis \u00e0 r\u00e9aliser mes objectifs\u00a0\u00bb)\u00a0;<\/li>\n<li class=\"txt-j\"><em>identification <\/em>\u2013 se v\u00e9rifie quand un individu choisit de s&rsquo;engager dans un objectif pour l&rsquo;importance qu&rsquo;il attribue \u00e0 un aspect qui lui est li\u00e9, par exemple, am\u00e9liorer ses capacit\u00e9s (ex. : \u00ab\u00a0le travail que je fais me permet d&rsquo;apprendre des choses int\u00e9ressantes et de les exp\u00e9rimenter\u00a0\u00bb)\u00a0;<\/li>\n<li class=\"txt-j\"><em>introjection <\/em>\u2013 se r\u00e9v\u00e8le quand l&rsquo;individu r\u00e9alise une action pour se d\u00e9montrer sa propre valeur\u00a0; il s&rsquo;agit d&rsquo;une forme de contr\u00f4le auto-r\u00e9f\u00e9r\u00e9e (ex. : \u00ab\u00a0Je m&rsquo;engage pour me d\u00e9montrer que je peux r\u00e9aliser des objectifs de challenger\u00a0\u00bb)\u00a0;<\/li>\n<li class=\"txt-j\"><em>r\u00e9gulation externe <\/em>\u2013 r\u00e9v\u00e8le le d\u00e9sir d&rsquo;\u00e9viter les punitions et d&rsquo;obtenir des r\u00e9compenses<br \/>\n(ex. : \u00ab\u00a0Je m&rsquo;engage pour obtenir des charges plus prestigieuses\u00a0\u00bb.<\/li>\n<\/ul>\n<blockquote>\n<p class=\"txt-j\">(2) Les phases du processus d&rsquo;autor\u00e9gulation et d&rsquo;auto\u00e9valuation de sa propre performance :<\/p>\n<\/blockquote>\n<p class=\"txt-j\" style=\"text-align: justify;\"><em>Processus de d\u00e9finition de l&rsquo;objectif. <\/em>Pour d\u00e9crire les comportements et les strat\u00e9gies d&rsquo;action \u00e9labor\u00e9es pour r\u00e9aliser les objectifs organisationnels, nous avons pr\u00e9sent\u00e9 des items sp\u00e9cifiques \u00e0 chaque phase du processus (g\u00e9n\u00e9ration, filtrage, programmation, maintien, ex\u00e9cution). Les items ont \u00e9t\u00e9 en partie construits ad hoc et d\u00e9j\u00e0 utilis\u00e9s dans une recherche pr\u00e9c\u00e9dente (Battistelli et Atzori, 2006). Les personnes se sont positionn\u00e9es sur une \u00e9chelle allant de \u00ab\u00a01-Jamais\u00a0\u00bb \u00e0 \u00ab\u00a05-Toujours\u00a0\u00bb.<\/p>\n<blockquote>\n<p class=\"txt-j\">(3) Les facteurs impliqu\u00e9s dans le processus de performance aspects individuels, declimat et contextuels :<\/p>\n<\/blockquote>\n<p class=\"txt-j\" style=\"text-align: justify;\"><em>Auto-comp\u00e9tence. <\/em>La perception de comp\u00e9tence a \u00e9t\u00e9 analys\u00e9e gr\u00e2ce \u00e0 six items extraits de l&rsquo;\u00e9chelle de Battistelli (1996) construite sur la base du travail de Wagner et Morse (1975). (ex. : \u00ab\u00a0Je poss\u00e8de toutes les capacit\u00e9s n\u00e9cessaires pour ex\u00e9cuter ce travail de la meilleure fa\u00e7on\u00a0\u00bb). Les personnes ont indiqu\u00e9 leur degr\u00e9 d&rsquo;accord avec chacune des propositions sur une \u00e9chelle de Likert allant de \u00ab\u00a01-Absolument en d\u00e9saccord\u00a0\u00bb &amp;aagrave; \u00ab\u00a07-Absolument d&rsquo;accord\u00a0\u00bb.<\/p>\n<p class=\"txt-j\" style=\"text-align: justify;\"><em>Orientation vers l&rsquo;objectif.<\/em> L&rsquo;orientation vers l&rsquo;objectif est appr\u00e9hend\u00e9e gr\u00e2ce \u00e0 l&rsquo;\u00e9chelle de VandeWalle (1997) constitu\u00e9e de treize items destin\u00e9s \u00e0 mesurer trois dimensions : <em>(a) l&rsquo;orientation vers l&rsquo;apprentissage<\/em> (ex. : \u00ab\u00a0Je cherche souvent les opportunit\u00e9s pour accro\u00eetre mes connaissances et d\u00e9velopper de nouvelles capacit\u00e9s\u00a0\u00bb; <em>(b) l&rsquo;orientation pro-performance<\/em> (ex. : \u00ab\u00a0Je cherche \u00e0 comprendre ce qui doit \u00eatre fait pour d\u00e9montrer aux autres mes capacit\u00e9s au travail\u00a0\u00bb; <em>(c) l&rsquo;orientation pour \u00e9viter la performance<\/em> (ex. : \u00ab\u00a0Je pr\u00e9f\u00e8re \u00e9viter les situations de travail o\u00f9 je risque d&rsquo;avoir un faible rendement\u00a0\u00bb. Les personnes ont r\u00e9pondu sur une \u00e9chelle de type Likert en 7 points de \u00ab\u00a01-Absolument en d\u00e9saccord\u00a0\u00bb \u00e0 \u00ab\u00a07-Absolument d&rsquo;accord).<\/p>\n<p class=\"txt-j\" style=\"text-align: justify;\"><em>Perception de soutien de la part du sup\u00e9rieur. <\/em>Pour mesurer le degr\u00e9 de soutien per\u00e7u de la part du sup\u00e9rieur direct, l&rsquo;\u00e9chelle de huit items d&rsquo;Eisenberger et al. (1997) a \u00e9t\u00e9 utilis\u00e9e. Le mot \u00ab\u00a0organisation\u00a0\u00bb a \u00e9t\u00e9 remplac\u00e9 par \u00ab\u00a0sup\u00e9rieur\u00a0\u00bb (ex. : \u00abMon sup\u00e9rieur se pr\u00e9occupe r\u00e9ellement de mon bien-\u00eatre\u00bb), comme cela a d\u00e9j\u00e0 \u00e9t\u00e9 fait dans de nombreuses recherches pr\u00e9c\u00e9dentes (Shore et Tetrick, 1991\u00a0; Rhoades, Eisenberger et Armeli, 2001; Eisenberger, Stinglhamber, Vandenberghe et Rhoades, 2002). Le degr\u00e9 d&rsquo;accord a \u00e9t\u00e9 indiqu\u00e9 sur une \u00e9chelle de type Likert allant de \u00ab\u00a01-Absolument en d\u00e9saccord\u00a0\u00bb \u00e0 \u00ab\u00a07-Absolument d&rsquo;accord\u00a0\u00bb.<\/p>\n<p class=\"txt-j\" style=\"text-align: justify;\"><em>Engagement affectif envers le sup\u00e9rieur.<\/em> L&rsquo;engagement affectif envers le sup\u00e9rieur a \u00e9t\u00e9 mesur\u00e9 avec une \u00e9chelle en trois items extraits de Bentein, Stinglhamber et Vandenberghe (2002). Exemple d&rsquo;item : \u00ab\u00a0Je suis fier de travailler pour mon sup\u00e9rieur\u00a0\u00bb). Les personnes ont r\u00e9pondu sur une \u00e9chelle de Likert en 7 points, de \u00ab\u00a01-Absolument en d\u00e9saccord\u00a0\u00bb \u00e0 \u00ab\u00a07-Absolument d&rsquo;accord\u00a0\u00bb.<\/p>\n<p class=\"txt-j\" style=\"text-align: justify;\"><em>Justice organisationnelle.<\/em> Il a \u00e9t\u00e9 choisi d&rsquo;utiliser l&rsquo;\u00e9chelle de Beugr\u00e9 et Baron (2001) et d&rsquo;analyser les trois dimensions du construit : <em>(a) la justice de processus<\/em>, concernant la perception d&rsquo;\u00e9quit\u00e9 dans les processus d\u00e9cisionnels et dans les proc\u00e9dures adopt\u00e9es par l&rsquo;organisation (ex. : \u00ab\u00a0L&rsquo;\u00e9valuation de ma performance se base sur des informations soign\u00e9es\u00a0\u00bb)\u00a0; <em>(b) la justice distributive<\/em>, li\u00e9e \u00e0 la distribution et l&rsquo;allocation des ressources\/avantages (ex. : \u00ab\u00a0Ma r\u00e9tribution est appropri\u00e9e \u00e0 mon niveau de responsabilit\u00e9\u00a0\u00bb)\u00a0; <em>(c) la justice interactionnelle<\/em>, relative \u00e0 la qualit\u00e9 des relations et du syst\u00e8me d&rsquo;interactions entre le sup\u00e9rieur et ses collaborateurs (ex. : \u00ab\u00a0Dans cette organisation, je suis trait\u00e9 avec respect et dignit\u00e9\u00a0\u00bb). Le degr\u00e9 d&rsquo;accord a \u00e9t\u00e9 indiqu\u00e9 sur une \u00e9chelle de type Likert allant de \u00ab\u00a01-Pas du tout d&rsquo;accord\u00a0\u00bb \u00e0 \u00ab\u00a05-Compl\u00e8tement d&rsquo;accord\u00a0\u00bb.<\/p>\n<p class=\"txt-j\" style=\"text-align: justify;\"><em>Participation \u00e0 la d\u00e9finition des objectifs<\/em>. L&rsquo;\u00e9chelle est compos\u00e9e de quatre items issus de Hutchinson et Garstka (1996) qui ont extrait les items de la <em>Task Goal Attributes Scale de Steers <\/em>(1973) et du travail de Dipboye et Pontbriand (1981). Exemple d&rsquo;item : \u00ab\u00a0On m&rsquo;a donn\u00e9 la possibilit\u00e9 d&rsquo;influencer les d\u00e9cisions portant sur la d\u00e9finition de mes objectifs de travail\u00a0\u00bb. Les personnes ont r\u00e9pondu sur une \u00e9chelle de Likert en 7 points, allant de \u00ab\u00a01-Absolument en d\u00e9saccord\u00a0\u00bb \u00e0 \u00ab\u00a07-Absolument d&rsquo;accord\u00a0\u00bb.<\/p>\n<p class=\"txt-j\" style=\"text-align: justify;\"><em>Caract\u00e9ristiques des objectifs.<\/em> Pour relever la sp\u00e9cificit\u00e9\/difficult\u00e9 des objectifs organisationnels, nous avons utilis\u00e9 une sous-dimension (sp\u00e9cificit\u00e9 et clart\u00e9 des objectifs re\u00e7us) de l&rsquo;\u00e9chelle du Goal Setting Questionnaire construite par Locke et Latham (1990), mais dans la version r\u00e9adapt\u00e9e par Lee, Bobko, Earley et Locke (1991). Exemple d&rsquo;item : \u00ab\u00a0Mon travail est r\u00e9gl\u00e9 par des objectifs clairs et sp\u00e9cifiques\u00a0\u00bb. Les personnes se sont positionn\u00e9es sur une \u00e9chelle allant de<br \/>\n\u00ab\u00a01-Jamais\u00a0\u00bb \u00e0 \u00ab\u00a05-Toujours\u00a0\u00bb.<\/p>\n<h3 class=\"s-titre\" style=\"text-align: justify;\"><a id=\"4\" name=\"4\"><\/a>4. R\u00c9SULTATS<\/h3>\n<p class=\"s-titre\" style=\"text-align: justify;\"><strong>4.1. Les ant\u00e9c\u00e9dents des formes de motivation autonome<\/strong><\/p>\n<p class=\"txt-j\" style=\"text-align: justify;\">Les moyennes, les \u00e9carts-types, les corr\u00e9lations entre variables et les coefficients de consistance interne (alpha) peuvent \u00eatre observ\u00e9s dans le tableau 1.<\/p>\n<p class=\"s-titre\" style=\"text-align: center;\" align=\"center\"><strong>Tableau 1<\/strong><br \/>\n<strong> Moyennes, \u00e9carts-types, corr\u00e9lations entre ant\u00e9c\u00e9dents<\/strong><\/p>\n<p class=\"s-titre\" style=\"text-align: justify;\" align=\"center\"><img loading=\"lazy\" decoding=\"async\" class=\"wp-image-6947 size-full aligncenter\" src=\"https:\/\/www.carrierologie.uqam.ca\/wp-content\/uploads\/2008\/02\/Volume11_3-4_motivation_travaille_tableau1.png\" alt=\"Volume11_3-4_motivation_travaille_tableau1\" width=\"650\" height=\"216\" srcset=\"https:\/\/www.carrierologie.uqam.ca\/wp-content\/uploads\/2008\/02\/Volume11_3-4_motivation_travaille_tableau1.png 650w, https:\/\/www.carrierologie.uqam.ca\/wp-content\/uploads\/2008\/02\/Volume11_3-4_motivation_travaille_tableau1-300x100.png 300w\" sizes=\"auto, (max-width: 650px) 100vw, 650px\" \/><\/p>\n<p class=\"s-titre\" style=\"text-align: center;\" align=\"center\">Tableau 2<br \/>\nR\u00e9gressions multiples \u2014 Ant\u00e9c\u00e9dents de la motivation (** p &lt; .01)<\/p>\n<p class=\"s-titre\" style=\"text-align: justify;\" align=\"center\"><img loading=\"lazy\" decoding=\"async\" class=\"wp-image-6946 size-full aligncenter\" src=\"https:\/\/www.carrierologie.uqam.ca\/wp-content\/uploads\/2008\/02\/Volume11_3-4_motivation_travaille_tableau2.png\" alt=\"Volume11_3-4_motivation_travaille_tableau2\" width=\"650\" height=\"204\" srcset=\"https:\/\/www.carrierologie.uqam.ca\/wp-content\/uploads\/2008\/02\/Volume11_3-4_motivation_travaille_tableau2.png 650w, https:\/\/www.carrierologie.uqam.ca\/wp-content\/uploads\/2008\/02\/Volume11_3-4_motivation_travaille_tableau2-300x94.png 300w\" sizes=\"auto, (max-width: 650px) 100vw, 650px\" \/><\/p>\n<p class=\"txt-j\" style=\"text-align: justify;\">Les r\u00e9sultats des r\u00e9gressions (tableau 2) indiquent que la premi\u00e8re hypoth\u00e8se est confirm\u00e9e. En particulier, les donn\u00e9es confirment les argumentations th\u00e9oriques. Ainsi, plus on va vers un niveau de motivation r\u00e9gl\u00e9 par le sens du devoir ou par des facteurs de nature exog\u00e8ne (motivation contr\u00f4l\u00e9e), plus les aspects sociocontextuels ont une importance majeure. \u00c0 l&rsquo;inverse, quand on s&rsquo;approche d&rsquo;un niveau de motivation plus autonome, on constate qu&rsquo;elle est g\u00e9n\u00e9r\u00e9e seulement par des int\u00e9r\u00eats pour le travail en soi.<\/p>\n<p class=\"txt-j\" style=\"text-align: justify;\">En ce qui concerne l&rsquo;introjection, les ant\u00e9c\u00e9dents sont \u00e0 rechercher principalement dans les facteurs du climat de travail, dans la mesure o\u00f9 la perception de soutien de la part du sup\u00e9rieur et la perception d&rsquo;\u00e9quit\u00e9 dans les proc\u00e9dures adopt\u00e9es par l&rsquo;organisation influencent la volont\u00e9 de s&rsquo;engager dans un objectif donn\u00e9 pour se prouver sa valeur personnelle. Dans une faible mesure, la possibilit\u00e9 de participer \u00e0 la d\u00e9finition de ses objectifs semble elle aussi avoir un r\u00f4le (son insertion dans le mod\u00e8le augmente seulement de 2% le pourcentage de variance expliqu\u00e9e par l&rsquo;introjection, R<sup>2<\/sup>CA= .020). Dans le cadre de cette hypoth\u00e8se, l&rsquo;introjection des objectifs organisationnels \u00e9tant une forme de motivation extrins\u00e8que, elle n&rsquo;est pas influenc\u00e9e par des facteurs de nature individuelle, qui s&rsquo;av\u00e8rent \u00eatre par contre fondamentaux dans la d\u00e9termination de la d\u00e9finition du niveau de motivation intrins\u00e8que. En particulier, les donn\u00e9es soulignent qu&rsquo;une orientation vers l&rsquo;apprentissage facilite l&rsquo;engagement envers les objectifs assign\u00e9s par l&rsquo;organisation tandis que l&rsquo;orientation vers la performance ne semble pas avoir d&rsquo;influence sur la motivation. Pareillement, mais de fa\u00e7on moindre, il convient de noter que la perception de soutien de la part du sup\u00e9rieur peut d\u00e9terminer un engagement majeur dans la t\u00e2che (augmentation de 4% du pourcentage de variance expliqu\u00e9e, R<sup>2<\/sup>CA = .040).<\/p>\n<p class=\"txt-j\" style=\"text-align: justify;\">Enfin, rapport\u00e9es aux ant\u00e9c\u00e9dents de l&rsquo;identification, les donn\u00e9es rel\u00e8vent que bien que les facteurs sociocontextuels aient un poids majeur dans la d\u00e9termination du niveau d&rsquo;identification aux objectifs assign\u00e9s, les facteurs individuels (et notamment l&rsquo;orientation vers l&rsquo;apprentissage) ont eux aussi une certaine importance. Ils favorisent la reconnaissance du poids de l&rsquo;objectif assign\u00e9 : l&rsquo;orientation vers l&rsquo;apprentissage et la perception de comp\u00e9tence augmentent ensemble de 10% le pourcentage de variance expliqu\u00e9e par l&rsquo;identification, respectivement (R<sup>2<\/sup>CA = .061; R<sup>2<\/sup>CA = .029).<\/p>\n<p class=\"s-titre\" style=\"text-align: justify;\"><strong>4.2. V\u00e9rification du mod\u00e8le<\/strong><\/p>\n<p class=\"txt-j\" style=\"text-align: justify;\">Pour ce qui a trait \u00e0 la v\u00e9rification du mod\u00e8le, il s&rsquo;agissait d&rsquo;approfondir les dynamiques volitives qui sous-tendent le processus d&rsquo;autor\u00e9gulation. En particulier, nous souhaitions tester l&rsquo;influence exerc\u00e9e par la r\u00e9gulation de l&rsquo;objectif (Meyer et al., 2004) sur le processus de r\u00e9alisation des objectifs (Roe, 1999) tout en consid\u00e9rant le r\u00f4le de m\u00e9diation jou\u00e9 par les deux formes d&rsquo;engagement dans l&rsquo;objectif (Tubbs et Ekeberg, 1991). Nous avons commenc\u00e9 par l&rsquo;analyse de la matrice de corr\u00e9lation (tableau 3). Concernant les deux formes d&rsquo;engagement envers l&rsquo;objectif (acceptation de l&rsquo;objectif et maintien de l&rsquo;engagement), les donn\u00e9es sugg\u00e8rent que l&rsquo;acceptation des objectifs assign\u00e9s est davantage corr\u00e9l\u00e9e avec les choix et comportements effectu\u00e9s pendant la phase de g\u00e9n\u00e9ration des sous-objectifs. La force intentionnelle destin\u00e9e au maintien de l&rsquo;engagement dans le temps s&rsquo;av\u00e8re, elle, particuli\u00e8rement corr\u00e9l\u00e9e aux phases plus op\u00e9ratives de d\u00e9finition des objectifs, c&rsquo;est-\u00e0-dire celles qui visent \u00e0 planifier les moyens et les ressources n\u00e9cessaires pour avancer vers les objectifs et r\u00e9aliser les strat\u00e9gies pr\u00e9c\u00e9demment programm\u00e9es. Toutefois, puisque l&rsquo;analyse des corr\u00e9lations ne donne qu&rsquo;une premi\u00e8re indication des relations entre les variables, nous avons utilis\u00e9 un mod\u00e8le d&rsquo;\u00e9quation structurale (path analysis) pour comprendre la structure et la force statistique de ces relations.<\/p>\n<p class=\"s-titre\" style=\"text-align: center;\" align=\"center\"><strong>Tableau 3<\/strong><br \/>\n<strong> Moyennes, \u00c9cart-type, Corr\u00e9lations entre la r\u00e9gulation de l&rsquo;objectif,<\/strong><br \/>\n<strong> l&rsquo;engagement envers l&rsquo;objectif et les diff\u00e9rentes phases du processus<\/strong><\/p>\n<p class=\"s-titre\" style=\"text-align: justify;\" align=\"center\"><img loading=\"lazy\" decoding=\"async\" class=\"wp-image-6945 size-full aligncenter\" src=\"https:\/\/www.carrierologie.uqam.ca\/wp-content\/uploads\/2008\/02\/Volume11_3-4_motivation_travaille_tableau3.png\" alt=\"Volume11_3-4_motivation_travaille_tableau3\" width=\"650\" height=\"214\" srcset=\"https:\/\/www.carrierologie.uqam.ca\/wp-content\/uploads\/2008\/02\/Volume11_3-4_motivation_travaille_tableau3.png 650w, https:\/\/www.carrierologie.uqam.ca\/wp-content\/uploads\/2008\/02\/Volume11_3-4_motivation_travaille_tableau3-300x99.png 300w\" sizes=\"auto, (max-width: 650px) 100vw, 650px\" \/><\/p>\n<p class=\"txt-j\" style=\"text-align: justify;\">Pour la figure 2 pr\u00e9sent\u00e9e ci-dessous, malgr\u00e9 la significativit\u00e9 du chi-carr\u00e9 (\u03c7<sup>2<\/sup>(23, N=160) = 42.422\u00a0; p = .008), les indices de fit obtenus indiquent une bonne superposition du mod\u00e8le aux donn\u00e9es (CFI = .954; GFI = .952; AGFI = .900; RMSEA = .073). Concernant le syst\u00e8me des relations entre les variables, on peut pr\u00e9ciser que la motivation intrins\u00e8que g\u00e9n\u00e8re un effet direct sur les phases initiales du processus de d\u00e9finition des objectifs, ce qui t\u00e9moigne que la d\u00e9finition et l&rsquo;organisation de son travail est un aspect important pour la personne, qui peut \u00eatre seulement en partie sollicit\u00e9e par des compromis entre l&rsquo;individu et l&rsquo;organisation. Le r\u00f4le de l&rsquo;engagement envers l&rsquo;objectif appara\u00eet plus important dans la phase ex\u00e9cutive du processus parce qu&rsquo;il introduit une m\u00e9diation totale dans la relation entre la motivation et les strat\u00e9gies de contr\u00f4le finalisant la r\u00e9alisation des objectifs assign\u00e9s.<\/p>\n<p class=\"s-titre\" style=\"text-align: center;\" align=\"center\"><strong>Figure 2<\/strong><br \/>\n<strong> Mod\u00e8le de r\u00e9gulation de l&rsquo;objectif-engagement envers l&rsquo;objectif-d\u00e9finition de l&rsquo;objectif (p &lt; .05)<\/strong><\/p>\n<p class=\"s-titre\" style=\"text-align: justify;\" align=\"center\"><img loading=\"lazy\" decoding=\"async\" class=\"aligncenter wp-image-6944 size-full\" src=\"https:\/\/www.carrierologie.uqam.ca\/wp-content\/uploads\/2008\/02\/Volume11_3-4_motivation_travaille_figure2.png\" alt=\"Volume11_3-4_motivation_travaille_figure2\" width=\"650\" height=\"446\" srcset=\"https:\/\/www.carrierologie.uqam.ca\/wp-content\/uploads\/2008\/02\/Volume11_3-4_motivation_travaille_figure2.png 650w, https:\/\/www.carrierologie.uqam.ca\/wp-content\/uploads\/2008\/02\/Volume11_3-4_motivation_travaille_figure2-300x206.png 300w\" sizes=\"auto, (max-width: 650px) 100vw, 650px\" \/><\/p>\n<p class=\"txt-j\" style=\"text-align: justify;\">Comme nous l&rsquo;avons \u00e9galement suppos\u00e9, le niveau de coh\u00e9rence entre les objectifs personnels et organisationnels (acceptation) influence, mais seulement en partie, la phase de d\u00e9finition des objectifs, tandis que la force intentionnelle peut maintenir l&rsquo;engagement dans le temps (engagement dans l&rsquo;objectif). On constate que cette derni\u00e8re manifeste plus de force dans la d\u00e9termination du cours des phases de planification et de r\u00e9alisation des objectifs. En conformit\u00e9 avec les suggestions de Tubbs (1993), ces deux formes d&rsquo;engagement semblent exercer leur poids \u00e0 des moments diff\u00e9rents, au point que le niveau d&rsquo;acceptation des objectifs d\u00e9terminera \u00e0 son tour la pers\u00e9v\u00e9rance dans le maintien de l&rsquo;\u00e9nergie motivationnelle. A l&rsquo;int\u00e9rieur du mod\u00e8le, le r\u00f4le le plus important li\u00e9 \u00e0 l&rsquo;acceptation des objectifs semble \u00eatre celui de favoriser le maintien de l&rsquo;engagement pendant le processus d&rsquo;action.<\/p>\n<h3 class=\"s-titre\" style=\"text-align: justify;\"><a id=\"5\" name=\"5\"><\/a>5. DISCUSSION ET CONCLUSION<\/h3>\n<p class=\"txt-j\" style=\"text-align: justify;\">Le changement r\u00e9cent dans l&rsquo;Administration publique italienne a introduit un mod\u00e8le de gestion et d&rsquo;organisation bas\u00e9 sur la logique du secteur priv\u00e9, attribuant des charges \u00ab\u00a0entrepreneuriales\u00a0\u00bb et \u00ab\u00a0manag\u00e9riales\u00a0\u00bb aux dirigeants et sollicitant le passage d&rsquo;une \u00ab\u00a0culture de l&rsquo;accomplissement\u00a0\u00bb \u00e0 une \u00ab\u00a0culture de l&rsquo;objectif\u00a0\u00bb. Notre but \u00e9tait d&rsquo;analyser les effets de cette transformation sur le bien-\u00eatre organisationnel et sur la qualit\u00e9 de la vie de travail des salari\u00e9s. Nous avons relev\u00e9 diff\u00e9rents facteurs (politiques de gestion, strat\u00e9gies individuelles, aspects du climat organisationnel) capables de fournir les conditions pour la cr\u00e9ation d&rsquo;un environnement \u00ab\u00a0motivant\u00a0\u00bb.<\/p>\n<p class=\"txt-j\" style=\"text-align: justify;\">La litt\u00e9rature t\u00e9moigne de l&rsquo;impact de la plupart des variables consid\u00e9r\u00e9es dans la recherche sur la motivation et sur l&rsquo;efficacit\u00e9 au travail (Lee, Bobko, Earley et Locke, 1991; Randall, Cropanzano, Bormann et Birjulin, 1999\u00a0; Selden et Brewer, 2000\u00a0; Rhoades et Eisenberger, 2002\u00a0; Latham et Budworth, 2004\u00a0; Meyer, Becker et Vandenberghe, 2004). Cependant, il n&rsquo;existe pas d&rsquo;analyse organique sur la fa\u00e7on dont elles op\u00e8rent ensemble. De m\u00eame, les r\u00e9sultats connus en la mati\u00e8re ne mettent pas en \u00e9vidence les \u00e9l\u00e9ments distinctifs de chaque dimension, en v\u00e9rifiant empiriquement leurs influences r\u00e9ciproques. Ceci, de mani\u00e8re \u00e0 pouvoir tirer des indications sur les interventions \u00e0 faire prioritairement pour garantir le maintien de niveaux de motivation ad\u00e9quats. Pour cette raison, cette \u00e9tude visait \u00e0 identifier des leviers motivationnels dans le secteur public en v\u00e9rifiant la validit\u00e9 d&rsquo;un mod\u00e8le th\u00e9orique construit en int\u00e9grant les r\u00e9sultats de plusieurs recherches men\u00e9es (Tubbs et Ekeberg, 1991\u00a0; Roe, 1999\u00a0; Meyer et al., 2004; Gagn\u00e9 et Deci, 2005).<\/p>\n<p class=\"txt-j\" style=\"text-align: justify;\">Dans le secteur public, les motivations de type autonome (fond\u00e9es sur l&rsquo;int\u00e9r\u00eat pour l&rsquo;activit\u00e9 en soi et non pas subordonn\u00e9es \u00e0 l&rsquo;obtention d&rsquo;avantages secondaires) sont celles qui soutiennent le processus d&rsquo;action et orientent le niveau d&rsquo;engagement envers l&rsquo;objectif. Il semble que, en accord avec Wright (2004), le travail \u00e0 l&rsquo;int\u00e9rieur des Administrations publiques italiennes soit guid\u00e9 par des charges motivationnelles de type \u00ab\u00a0vocationnel\u00a0\u00bb. Les cadres participant \u00e0 l&rsquo;\u00e9tude ne semblent pas poursuivre les objectifs qu&rsquo;on leur a donn\u00e9s pour les avantages extrins\u00e8ques qu&rsquo;ils pourraient en retirer, d&rsquo;autant plus que le syst\u00e8me de promotion est encore li\u00e9 \u00e0 des proc\u00e9dures bureaucratiques et se d\u00e9montre inefficace \u00e0 satisfaire leurs attentes.<\/p>\n<p class=\"txt-j\" style=\"text-align: justify;\">De plus, nous avons mis en \u00e9vidence qu&rsquo;\u00e0 \u00e9galit\u00e9 de stimuli pr\u00e9sents dans le contexte, il y a des formes de motivation qui peuvent \u00eatre d\u00e9termin\u00e9es par des aspects sociocontextuels diff\u00e9rents (Meyer, Becker et Vandenberghe, 2004). En particulier, plus on va vers un niveau de motivation r\u00e9gl\u00e9 par des facteurs de nature extrins\u00e8que (motivation contr\u00f4l\u00e9e), plus les aspects sociocontextuels (par exemple, la clart\u00e9 des objectifs et la participation \u00e0 leur d\u00e9finition) prennent de l&rsquo;importance. Ceci n&rsquo;est pas le cas quand la motivation intrins\u00e8que est pr\u00e9dominante, puisque l&rsquo;influence majeure est alors exerc\u00e9e par la perception de comp\u00e9tences et l&rsquo;orientation vers l&rsquo;apprentissage. Pr\u00e9cis\u00e9ment, l&rsquo;introjection des objectifs organisationnels semble \u00eatre favoris\u00e9e principalement par la perception du soutien re\u00e7u de la part de son sup\u00e9rieur (Kottke et Sharafinski, 1988) et par le degr\u00e9 d&rsquo;\u00e9quit\u00e9 per\u00e7ue relatif aux proc\u00e9dures d&rsquo;\u00e9valuation. L&rsquo;identification avec les objectifs organisationnels est quant \u00e0 elle, favoris\u00e9e soit par l&rsquo;engagement affectif \u00e9prouv\u00e9 envers le sup\u00e9rieur soit par l&rsquo;orientation vers l&rsquo;apprentissage. Au niveau du climat de travail, on peut en d\u00e9duire que la qualit\u00e9 de cette relation entre le sup\u00e9rieur et son collaborateur (et en particulier l&rsquo;engagement affectif \u00e9prouv\u00e9 envers son sup\u00e9rieur) semble avoir une incidence sur les raisons qui portent \u00e0 introjecter et \u00e0 s&rsquo;identifier avec les objectifs organisationnels.<\/p>\n<p class=\"txt-j\" style=\"text-align: justify;\">Au niveau dispositionnel, il semble que l&rsquo;aspect central autour duquel tournent les forces volitives capables de soutenir les comportements de travail soit repr\u00e9sent\u00e9 par le concept de comp\u00e9tence. En effet, non seulement les dirigeants se per\u00e7oivent comp\u00e9tents et capables de faire face aux probl\u00e8mes li\u00e9s \u00e0 l&rsquo;accomplissement de leurs charges, mais surtout, le fait qu&rsquo;ils apparaissent \u00eatre plus orient\u00e9s vers l&rsquo;apprentissage plut\u00f4t que vers la performance r\u00e9v\u00e8le leur volont\u00e9 de d\u00e9velopper leurs comp\u00e9tences afin d&rsquo;augmenter leur degr\u00e9 d&rsquo;efficacit\u00e9.<\/p>\n<p class=\"txt-j\" style=\"text-align: justify;\">Le mod\u00e8le visait \u00e0 d\u00e9montrer l&rsquo;influence indirecte (m\u00e9diatis\u00e9e par les deux formes d&rsquo;engagement envers l&rsquo;objectif) des composantes motivationnelles sur le processus d&rsquo;autor\u00e9gulation des objectifs. Les r\u00e9sultats obtenus ont non seulement confirm\u00e9 que la motivation d\u00e9termine le niveau d&rsquo;engagement et l&rsquo;importance des efforts orient\u00e9s vers une t\u00e2che donn\u00e9e (Steers et Porter, 1991), mais \u00e9galement que les formes de motivation extrins\u00e8que (introjection et identification) jouent un r\u00f4le majeur sur ces deux formes d&rsquo;engagement envers l&rsquo;objectif. Les cadres qui acceptent les objectifs sont davantage motiv\u00e9s par la volont\u00e9 de se d\u00e9montrer qu&rsquo;ils peuvent r\u00e9ussir \u00e0 obtenir de bons r\u00e9sultats que par l&rsquo;int\u00e9r\u00eat pour l&rsquo;objectif poursuivi (motivation intrins\u00e8que). De la m\u00eame mani\u00e8re, les cadres qui introjectent les objectifs assign\u00e9s ou s&rsquo;identifient \u00e0 eux pour des raisons instrumentales d\u00e9montrent plut\u00f4t une forte charge intentionnelle dans la recherche des objectifs et ce, sur la dur\u00e9e. Ces r\u00e9sultats confirment en partie ceux de Ryan et Connell (1989), selon lesquels les formes plus autonomes de r\u00e9gulation (c&rsquo;est-\u00e0-dire, r\u00e9gulation intrins\u00e8que, identification, etc.) sont associ\u00e9es \u00e0 une plus grande pers\u00e9v\u00e9rance dans la r\u00e9alisation des t\u00e2ches. En outre, nous avons mis en \u00e9vidence que la force volitive provenant de l&rsquo;acceptation des objectifs assign\u00e9s conditionne uniquement la phase initiale du processus d&rsquo;atteinte des objectifs, c&rsquo;est-\u00e0-dire la p\u00e9riode o\u00f9 l&rsquo;individu commence \u00e0 \u00e9tablir les plans op\u00e9rationnels et \u00e0 r\u00e9fl\u00e9chir sur les strat\u00e9gies les plus utiles pour diviser son travail en sous-objectifs \u00e0 court terme. L&rsquo;engagement dans l&rsquo;objectif joue un r\u00f4le plus important dans les phases plus op\u00e9rationnelles du processus.<\/p>\n<p class=\"txt-j\" style=\"text-align: justify;\">Malgr\u00e9 les limites de cette recherche, li\u00e9es principalement \u00e0 la complexit\u00e9 du syst\u00e8me des variables analys\u00e9es, nous avons commenc\u00e9 \u00e0 hi\u00e9rarchiser les dimensions qui peuvent augmenter l&rsquo;investissement que les employ\u00e9s sont dispos\u00e9s \u00e0 consacrer \u00e0 la r\u00e9alisation des objectifs organisationnels. En effet, nos r\u00e9sultats montrent que l&rsquo;optique \u00ab\u00a0\u00e9conomique\u00a0\u00bb, centr\u00e9e sur l&rsquo;id\u00e9e que l&rsquo;engagement du fonctionnaire\/dirigeant est plus grand quand on est en pr\u00e9sence de r\u00e9compenses \u00e9conomiques ad\u00e9quates, n&rsquo;explique pas le niveau de motivation individuelle. Celuici est davantage influenc\u00e9 par des facteurs personnels ou par les modalit\u00e9s de gestion adopt\u00e9es par l&rsquo;organisation (soutien, \u00e9quit\u00e9 proc\u00e9durale, etc.).<\/p>\n<p class=\"txt-j\" style=\"text-align: justify;\">\u00c0 des fins de d\u00e9veloppement de cette recherche, un point qui m\u00e9rite d&rsquo;\u00eatre approfondi concerne le r\u00f4le de la perception du niveau de comp\u00e9tence qu&rsquo;ont les personnes durant le processus d&rsquo;autor\u00e9gulation (Locke, 2000\u00a0; Kehr, 2004). Il s&rsquo;agit d&rsquo;analyser plus en d\u00e9tail la relation entre connaissance et motivation pour comprendre si et comment la premi\u00e8re joue un r\u00f4le dans la d\u00e9termination de la deuxi\u00e8me. Enfin, bien que cette \u00e9tude ait \u00e9t\u00e9 orient\u00e9e sp\u00e9cifiquement sur l&rsquo;analyse des objectifs attribu\u00e9s aux salari\u00e9s de fa\u00e7on individuelle, il ne faut pas n\u00e9gliger le fait que dans un syst\u00e8me de direction par objectifs (MBO), les objectifs que les cadres sont appel\u00e9s \u00e0 satisfaire sont g\u00e9n\u00e9ralement de trois niveaux : individuel, de groupe et organisationnel. Il serait alors int\u00e9ressant d&rsquo;introduire cette diff\u00e9renciation comme variable d&rsquo;\u00e9tude. Cela permettrait d&rsquo;examiner la question suivante : les processus motivationnels qui guident les comportements visant \u00e0 r\u00e9aliser les objectifs individuels se diff\u00e9rencient-ils de ceux qui sont mis en place pour atteindre les objectifs assign\u00e9s \u00e0 son \u00e9quipe de travail. Il pourrait \u00eatre v\u00e9rifi\u00e9 enfin, jusqu&rsquo;\u00e0 quel point les sujets estiment contribuer efficacement \u00e0 leur r\u00e9alisation. Dans la litt\u00e9rature, des \u00e9tudes vont dans cette direction (Crow et Rosse, 1995\u00a0; DeShon, Kozlowski, Schmidt, Milner et Wiechmann, 2004).<\/p>\n<h3 class=\"s-titre\" style=\"text-align: justify;\"><a id=\"auteur\" name=\"auteur\"><\/a>Auteurs<\/h3>\n<p class=\"txt-j\" style=\"text-align: justify;\"><strong>Milena Atzori<\/strong> est docteur en psychologie au d\u00e9partement de psychologie et d&rsquo;anthropologie culturelle \u00e0 l&rsquo;Universit\u00e9<br \/>\nde Verona, Italie<br \/>\nCourriel: milena.atzori@formazione.univr.it<\/p>\n<p class=\"txt-j\" style=\"text-align: justify;\">Lungadige Porta Vittoria, 17 \u2013 37129 \u2013 VERONA (VR); (+39) 045\/8028134, fax: (+39) 045\/8028790.<\/p>\n<p class=\"txt-j\" style=\"text-align: justify;\"><strong>Adalgisa Battistelli<\/strong> est professeur de psychologie au d\u00e9partement de psychologie et d&rsquo;anthropologie culturelle \u00e0<br \/>\nl&rsquo;Universit\u00e9 de Verona, Italie<\/p>\n<p class=\"txt-j\" style=\"text-align: justify;\">Lungadige Porta Vittoria, 17 \u2013 37129 \u2013 VERONA (VR); (+39) 045\/8028134, fax: (+39) 045\/8028790.<\/p>\n<h3 style=\"text-align: justify;\"><span class=\"s-titre\"><a id=\"abstract\" name=\"abstract\"><\/a>Abstract<\/span><\/h3>\n<p class=\"resume\" style=\"text-align: justify;\">This article studies the process of reaching objectives, which begins by defining objectives and leads to their achievement (Roe, 1999). We include the main aspects of theories about work motivation (defining objectives, self-determination, social cognition). We hypothesize that commitment towards an objective and accepting\/identifying the organisational objectives mediate the relationship between various levels of autonomous motivation and the manner in which strategies are implemented to reach those objectives. A cross-sectional study was performed by administering a structured questionnaire to 160 managerial staff from the Italian Public Administration Department. The results indicate that it is mainly autonomous motivation that drives the process of objective achievement by influencing commitment towards the objective and accepting the assigned objectives. This occurs within an organisational system where the system of promotion does not seem to be an extrinsic factor of motivation for the subjects. We also demonstrate that the relationship of confidence and attachment to one&rsquo;s hierarchy mediates the influence between equity in the procedures adopted by the organisational system, the degree of identification with the organisational objectives and the resulting degree of commitment to managerial goals.<\/p>\n<h3 class=\"s-titre\" style=\"text-align: justify;\">R\u00e9f\u00e9rences<\/h3>\n<p class=\"txt-j\" style=\"text-align: justify;\">BAARD, P.P., DECI, E.L. et RYAN, R.M. (2004). The relation of intrinsic need satisfaction to performance and well-being in two work settings. <em>Journal of Applied Social Psychology<\/em>, vol. 34, n\u00b010, p. 2045-2068.<\/p>\n<p class=\"txt-j\" style=\"text-align: justify;\">BATTISTELLI, A. (1996). La percezione della propria competenza professionale. Risorsa Uomo, <em>Rivista di Psicologia del Lavoro e dell&rsquo;Organizzazione<\/em>, vol. 4, n\u00b02, p. 239-256.<\/p>\n<p class=\"txt-j\" style=\"text-align: justify;\">BATISTELLI, A. et ATZORI, M. (2006). Un modello sistemico sulla motivazione al lavoro: la verifica empirica del \u00ab\u00a0Modello Calendario\u00a0\u00bb.<em> Giornale Italiano di Psicologia<\/em>, n\u00b04, p. 853-872.<\/p>\n<p class=\"txt-j\" style=\"text-align: justify;\">BENTEIN, K., STINGLHAMBER, F. et VANDENBERGHE, C. (2002). Organization, supervisor, and workgroup-directed commitments and citizenship behaviors: a comparison of models. <em>European Journal of Work and Organizational Psychology<\/em>, vol.11, n. 3, p. 341-362.<\/p>\n<p class=\"txt-j\" style=\"text-align: justify;\">BEUGRE, C.D. et BARON, R.A. (2001). Perceptions of systematic justice : The effect of distributive, procedural, and interactional justice. <em>Journal of Applied Social Psychology<\/em>, vol.31, n\u00b02, p. 324-339.<\/p>\n<p class=\"txt-j\" style=\"text-align: justify;\">COHEN-CHARASH, Y. et SPECTOR, P.E. (2000). The role of justice in organizations: a meta-analysis. <em>Organizational Behavior and Human Decision Processes<\/em>, vol.86, n\u00b02, p. 287-321.<\/p>\n<p class=\"txt-j\" style=\"text-align: justify;\">COLQUITT, J.A., CONLON, D.E., WESSON, M.J., PORTER, C.O.L.H. et Ng, K.J. (2001). Justice at the millennium: A Meta-Analytic Review of 25 Years of Organizational Justice Research.<em> Journal of Applied Psychology,<\/em> vol. 86, n\u00ba 3, p. 425-445.<\/p>\n<p class=\"txt-j\" style=\"text-align: justify;\">CROW, D.F. et ROSSE, J.G. (1995). Yours, mine, and ours: facilitating group productivity through the integration of individual and group goals. <em>Organizational Behavior and Human Decision Processes<\/em>, vol. 64, n\u00b02, p. 138-150.<\/p>\n<p class=\"txt-j\" style=\"text-align: justify;\">DELUGA, R.J. (1994). Perceived fairness and supervisor trust building behaviour. <em>Journal of Occupational and Organizational Psychology,<\/em> vol. 67, n\u00ba 4, p. 315-326.<\/p>\n<p class=\"txt-j\" style=\"text-align: justify;\">DeSHON, R.P., KOZLOWSKY, S.W.J., SCHMIDT, A.M., MILNER, K.R. et WIECHMANN, D. (2004). A multiple-goal, multilevel model of feedback effects on the regulation of individual and team performance.<em> Journal of Applied Psychology<\/em>, vol. 89, n\u00ba 6, p. 1035-1056.<\/p>\n<p class=\"txt-j\" style=\"text-align: justify;\">DIPBOYE, R.L. et De PONTBRIAND, R. (1981). Short notes: correlates of employee reactions to performance appraisals and appraisal system. <em>Journal of Applied Psychology,<\/em> vol. 66, n\u00ba 2, p. 248-251.<\/p>\n<p class=\"txt-j\" style=\"text-align: justify;\">DIRKS, K.T. (1999). The Effects of Interpersonal Trust on Work Group Performance. Journal of Applied Psychology, vol. 84, n\u00ba 3, p. 445-455.<\/p>\n<p class=\"txt-j\" style=\"text-align: justify;\">DIRKS, K.T. et FERRIN, D.L. (2002). Trust in leadership: Meta-analytic findings and implications for research and practice. <em>Journal of Applied Psychology<\/em>, vol. 87, n\u00ba 4, p. 611-628.<\/p>\n<p class=\"txt-j\" style=\"text-align: justify;\">EISENBERGER, R., CUMMING, J., ARMELI, S. et LYNCH, P. (1997). Perceived organizational support, discretionary treatment, and job satisfaction.<em> Journal of Applied Psychology<\/em>, vol. 82, n\u00ba 5, p. 812-820.<\/p>\n<p class=\"txt-j\" style=\"text-align: justify;\">EISENBERGER, R., STINGLHAMBER, F., VANDENBERGHE, C., et RHOADES, L. (2002). Perceived supervisor support: contributions to perceived organizational support and employee retention. <em>Journal of Applied Psychology<\/em>, vol. 87, n\u00ba 3, p. 565-573.<\/p>\n<p class=\"txt-j\" style=\"text-align: justify;\">FOLGER, R. et KONOVSKY, M.A. (1989). Effects of procedural and distributive justice on reactions to pay raise decisions. <em>Academy of Management Journal<\/em>, vol. 32, n\u00ba 1, p. 115-130.<\/p>\n<p class=\"txt-j\" style=\"text-align: justify;\">GAGNE, M. et DECI, E.L. (2005). Self-determination theory and work motivation. <em>Journal of Organizational Behavior,<\/em> vol. 26, n\u00ba 4, p. 331-362.<\/p>\n<p class=\"txt-j\" style=\"text-align: justify;\">GAGNE, M. et KOESTNER, R. (2002). Self-determination theory as a framework for understanding organizational commitment. <em>Paper presented at the annual meeting of the Society for Industrial and Organizational Psychology<\/em>, Toronto, Canada.<\/p>\n<p class=\"txt-j\" style=\"text-align: justify;\">GAGNE, M., SENECAL, C. et KOESTNER, R. (1997). Proximal job characteristics, feelings of empowerment, and intrinsic motivation : a multidimensional model. J<em>ournal of Applied Social Psychology<\/em>, vol. 27, n\u00ba 14, p. 1222-1240.<\/p>\n<p class=\"txt-j\" style=\"text-align: justify;\">HOLLENBECK, J.R., KLEIN, H.J., O&rsquo;LEARY, A.M. et WRIGHT, P.M. (1989). Investigation of the construct of a Self-report measure of Goal Commitment. <em>Journal of Applied psychology<\/em>, vol. 74, n\u00ba 6, p. 951-956.<\/p>\n<p class=\"txt-j\" style=\"text-align: justify;\">HUTCHISON, S. et GARSTKA, M.L. (1996). Sources of Perceived Organizational Support: Goal setting and feedback. <em>Journal of Applied Social Psychology<\/em>, vol. 26, n\u00ba 15, p. 1351-1366.<\/p>\n<p class=\"txt-j\" style=\"text-align: justify;\">KANFER, R. (1990). Motivation theory and industrial and organizational psychology. Dans : Dunnette, M.D. et Hough, L.M. (Eds.), <em>Handbook of industrial and organizational psychology.<\/em> Palo Alto, CA : Consulting Psychologists Press, vol. 1, p. 75\u2013170.<\/p>\n<p class=\"txt-j\" style=\"text-align: justify;\">KANFER, R. (1992). Work motivation: New directions in theory and research. Dans : Coper, C.L. et Roberston, I.T. (Eds.), <em>International Review of Industrial and Organizational Psychology<\/em>, vol.7, Chichester : Wiley, p. 1-53.<\/p>\n<p class=\"txt-j\" style=\"text-align: justify;\">KEHR, H.M. (2004). Integrating implicit motives, explicit motives, and perceived abilities: the compensatory model of work motivation and volition. <em>Academy of Management Review<\/em>, vol. 29, n\u00ba 3, p. 479-499.<\/p>\n<p class=\"txt-j\" style=\"text-align: justify;\">KLEIN, H.J., WESSON, M.J., HOLLENBECK, J.R. et ALGE, B.J. (1999). Goal commitment and the goal-setting process: conceptual clarification and empirical synthesis. <em>Journal of Applied Psychology<\/em>, vol. 84, n\u00ba 6, p. 885-896.<\/p>\n<p class=\"txt-j\" style=\"text-align: justify;\">KLEIN, H.J., WESSON, M.J., HOLLENBECK, J.R. WRIGHT, P.M. et DeSHON, R.P. (2001). The assessment of goal commitment: a measurement model meta-analysis. <em>Organizational Behavior and Human Decision Processes<\/em>, vol. 85, n\u00b01, p. 32-55.<\/p>\n<p class=\"txt-j\" style=\"text-align: justify;\">KOTTKE, J.L. et SHARAFINSKI, C.E. (1988). Measuring perceived supervisory and organizational support. <em>Educational and Psychological Measurement<\/em>, vol. 48, n\u00ba 4, p. 1075-1079.<\/p>\n<p class=\"txt-j\" style=\"text-align: justify;\">LATHAM, G.P. et BUDWORTH, M. (2004). The study of employee motivation in the 20th century. In <em>The Science and Practice of Industrial-Organizational Psychology: The First Hundred Years<\/em>. Mahwah, NJ : Lawrence Erlbaum.<\/p>\n<p class=\"txt-j\" style=\"text-align: justify;\">LEE, C., BOBKO, P., EARLEY, P.C. et LOCKE, E.A. (1991). An empirical analysis of a goal setting questionnaire. <em>Journal of Organizational Behavior,<\/em> vol. 12, n\u00ba 6, p. 467-482.<\/p>\n<p class=\"txt-j\" style=\"text-align: justify;\">LEIFER, R. et McGANNON, K. (1986). Goal acceptance and goal commitment: their differential impact on goal setting theory. <em>Paper presented at the meeting of the Academy of Management.<\/em><\/p>\n<p class=\"txt-j\" style=\"text-align: justify;\">LI, A. et BUTLER, A.B. (2004). The effects of participation in goal setting and goal rationales on goal commitment : an exploration of justice mediators. <em>Journal of Business and Psychology<\/em>, vol. 19, n\u00ba 1, p. 37-51.<\/p>\n<p class=\"txt-j\" style=\"text-align: justify;\">LOCKE, E.A. (2000). Motivation, Cognition, and Action: an analysis of studies of task goals and knowledge. <em>Applied Psychology: an International Review<\/em>, vol. 49, n\u00ba 3, p. 408-429.<\/p>\n<p class=\"txt-j\" style=\"text-align: justify;\">LOCKE, E.A. et LATHAM, G.P. (1990). <em>A theory of goal-setting and task performanc<\/em>e. Englewood Cliffs, NJ : Prentice Hall.<\/p>\n<p class=\"txt-j\" style=\"text-align: justify;\">MEYER, J.P., BECKER, T.E. et VANDENBERGHE, C. (2004). Employee commitment and motivation: A conceptual analysis and integrative model. <em>Journal of Applied Psychology<\/em>, vol. 89, n\u00b06, p. 991-1007.<\/p>\n<p class=\"txt-j\" style=\"text-align: justify;\">MOIDEENKUTTY, U., BLAU, G., KUMAR, R. et NALAKATH, A. (2001). Perceived Organizational Support as a mediator of the relationship of perceived situational factors to affective organizational commitment. <em>Applied Psychology: an International Review<\/em>, vol. 50, n\u00ba 4, p. 615-634.<\/p>\n<p class=\"txt-j\" style=\"text-align: justify;\">PINDER, C. (1998). <em>Work motivation in organizational behavior<\/em>. Upper Saddle River, NJ : Prentice Hall.<\/p>\n<p class=\"txt-j\" style=\"text-align: justify;\">PORTER, L.W. et LAWLER, E.E. (1968). <em>Managerial attitudes and performance<\/em>. Homewood, IL : Irwin-Dorsey.<\/p>\n<p class=\"txt-j\" style=\"text-align: justify;\">RANDALL, M.L., CROPANZANO, R., BORMANN, C.A. et BIRJULIN, A. (1999). Organizational politics and organizational support as predictors of work attitudes, job performance, and organizational citizenship behavior. <em>Journal of Organizational Behavior<\/em>, vol. 20, n\u00ba 2, p. 159-174.<\/p>\n<p class=\"txt-j\" style=\"text-align: justify;\">RHOADES, L. et EISENBERGER, R. (2002). Perceived organizational support: A review of the literature. <em>Journal of Applied Psychology,<\/em> vol. 87, n\u00ba 4, p. 698-714.<\/p>\n<p class=\"txt-j\" style=\"text-align: justify;\">RHOADES, L., EISENBERGER, R., et ARMELI, S. (2001). Affective commitment to the organization : the contribution of perceived organizational support.<em> Journal of Applied Psycholog<\/em>y, vol. 86, p. 825-836.<\/p>\n<p class=\"txt-j\" style=\"text-align: justify;\">ROE, A. R. (1999). The Calendar Model: Towards a less parsimonious but more realistic model of work motivation. <em>Paper presented at the 9th European Congress of Work &amp; Organizational Psychology, Espoo-Helsink<\/em>i, Finland, May 12-16, 1999.<\/p>\n<p class=\"txt-j\" style=\"text-align: justify;\">RYAN, R.M. et CONNELL, J.P. (1989). Perceived locus of causality and internalization: examining reasons for acting in two domains. <em>Journal of Personality and Social Psychology,<\/em> vol. 57, n\u00ba 5, p. 749-761.<\/p>\n<p class=\"txt-j\" style=\"text-align: justify;\">RYAN, R.M. et DECI, E.L. (2000). Self-determination theory and the facilitation of intrinsic motivation, social development, and well-being. <em>American Psychologist<\/em>, vol. 55, n\u00ba 1, p. 68-78.<\/p>\n<p class=\"txt-j\" style=\"text-align: justify;\">SCHMITT, N, CORTINA, J.M., INGERICK, M.J. et WIECHMANN, D. (2003). Personnel selection and employee performance. Dans : Borman, W.C., Ilgen, D.R. et Klimoski, R.J. (Eds.), <em>Handbook of Psychology,<\/em> vol. 12, New York: Wiley, p. 77-106.<\/p>\n<p class=\"txt-j\" style=\"text-align: justify;\">SELDEN, S. et G. BREWER (2000). Work Motivation in the Senior Executive Service: Testing the High Performance Cycle Theory.<em> Journal of Public Administration Research and Theory<\/em>, vol. 10, n\u00ba 3, p. 531-550.<\/p>\n<p class=\"txt-j\" style=\"text-align: justify;\">SHORE, L.M. et TETRICK, L.E. (1991). A construct validity study of the Survey of Perceived Organizational Support. <em>Journal of Applied Psychology,<\/em> vol. 76, n.5, p. 637-643.<\/p>\n<p class=\"txt-j\" style=\"text-align: justify;\">STEERS, R.M. et PORTER, L.W. (1991). <em>Motivation and work behavior<\/em>. Hightstown, NJ : McGraw-Hill, Inc.<\/p>\n<p class=\"txt-j\" style=\"text-align: justify;\">TAN, H. et TAN, C.S. (2000). Towards the differentiation of trust in supervisor and trust in organisation. Generic, <em>Social, and General Psychology Monographs<\/em>, vol. 126, n\u00ba 2, p. 241-260.<\/p>\n<p class=\"txt-j\" style=\"text-align: justify;\">TUBBS, M., E. (1993). Commitment as a moderator of the goal-performance relation: a case for clearer construct definition.<em> Journal of Applied Psychology,<\/em> vol. 78, n\u00ba 1, p. 86-97.<\/p>\n<p class=\"txt-j\" style=\"text-align: justify;\">TUBBS, M.E. (1994). Commitment and the role of ability in motivation: Comment on Wright, O&rsquo;Leary-Kelly, Cortina, Klein, and Hollenbeck (1994). <em>Journal of Applied Psychology<\/em>, vol. 79, n\u00ba 6, p. 804-811.<\/p>\n<p class=\"txt-j\" style=\"text-align: justify;\">TUBBS, M.E. et DAHL, J.G. (1991). An empirical comparison of self-report and discrepancy measures of goal commitment.<em> Journal of Applied Psychology,<\/em> vol. 76, n\u00ba 5, p. 708-716.<\/p>\n<p class=\"txt-j\" style=\"text-align: justify;\">TUBBS, M. E. et EKEBERG, S.E. (1991). The role of intentions in work motivation: implications for goal-setting theory and research. <em>Academy of Management Review<\/em>, vol. 16, n\u00ba 1, p. 180-199.<\/p>\n<p class=\"txt-j\" style=\"text-align: justify;\">VALLERAND, R.J., PELLETIER, L.G., BLAIS, M.R., BRIERE, N.M., SENECAL, C. et VALLIERES, E.F. (1992). The Academic Motivation Scale: A measure of intrinsic, extrinsic, and amotivation in education. <em>Educational and Psychological Measurement<\/em>, vol. 53, n\u00ba 1, p. 159-172.<\/p>\n<p class=\"txt-j\" style=\"text-align: justify;\">VALLERAND, R.J., PELLETIER, L.G., BLAIS, M.R., BRIERE, N.M., SENECAL, C. et VALLIERES, E.F. (1993). On the assessment of intrinsic, extrinsic, and motivation in education : Further evidence on the concurrent and construct validity of the Academic Motivation Scale.<em> Educational and Psychological Measurement,<\/em> vol. 52, n\u00ba 4, p. 1003-1017.<\/p>\n<p class=\"txt-j\" style=\"text-align: justify;\">VANDEWALLE, D. (1997). Development and validation of a work domain achievement goals instrument. <em>Educational and Psychological Measurement<\/em>, vol. 57, n\u00ba 6, p. 995\u20131015.<\/p>\n<p class=\"txt-j\" style=\"text-align: justify;\">VANDEWALLE, D., CRON, W.L. et SLOCUM, J.W. (2001). The role of goal orientation following performance feedback. J<em>ournal of Applied Psychology,<\/em> vol. 86, n\u00b04, p. 629-640.<\/p>\n<p class=\"txt-j\" style=\"text-align: justify;\">VANDEWALLE, D., BROWN, S.P., CRON, W. L. et SLOCUM, J.W. (1999). The influence of goal orientation and self-regulation tactics on sales performance : A longitudinal field test. <em>Journal of Applied Psychology<\/em>, vol. 84, n\u00ba 2, p. 249-259.<\/p>\n<p class=\"txt-j\" style=\"text-align: justify;\">WAGNER, F.R. et MORSE, J.J. (1975). A measure of individual sense of competence.<em> Psychological Reports<\/em>, vol. 36, p. 451-459.<\/p>\n<p class=\"txt-j\" style=\"text-align: justify;\">WRIGHT, B.E. (2004). The role of work context in work motivation: a public sector application of Goal and Social Cognitive Theories.<em> Journal of Public Administration Research and Theory<\/em>, vol.14, n\u00ba 1, p. 59-78.<\/p>\n","protected":false},"excerpt":{"rendered":"<p>Milena ATZORI, Adalgisa BATTISTELLI Universit\u00e9 de V\u00e9ronne, D\u00e9partement de psychologie et d&rsquo;anthropologie culturelle, Italie Auteurs R\u00e9sum\u00e9\/Abstract Cet article porte sur l&rsquo;\u00e9tude du processus d&rsquo;atteinte des objectifs qui d\u00e9bute par la&#8230;<\/p>\n","protected":false},"author":101011,"featured_media":0,"comment_status":"open","ping_status":"open","sticky":false,"template":"","format":"standard","meta":{"footnotes":""},"categories":[93],"tags":[],"class_list":["post-6940","post","type-post","status-publish","format-standard","hentry","category-volume-11-numero-3-2008"],"_links":{"self":[{"href":"https:\/\/www.carrierologie.uqam.ca\/index.php\/wp-json\/wp\/v2\/posts\/6940","targetHints":{"allow":["GET"]}}],"collection":[{"href":"https:\/\/www.carrierologie.uqam.ca\/index.php\/wp-json\/wp\/v2\/posts"}],"about":[{"href":"https:\/\/www.carrierologie.uqam.ca\/index.php\/wp-json\/wp\/v2\/types\/post"}],"author":[{"embeddable":true,"href":"https:\/\/www.carrierologie.uqam.ca\/index.php\/wp-json\/wp\/v2\/users\/101011"}],"replies":[{"embeddable":true,"href":"https:\/\/www.carrierologie.uqam.ca\/index.php\/wp-json\/wp\/v2\/comments?post=6940"}],"version-history":[{"count":5,"href":"https:\/\/www.carrierologie.uqam.ca\/index.php\/wp-json\/wp\/v2\/posts\/6940\/revisions"}],"predecessor-version":[{"id":6951,"href":"https:\/\/www.carrierologie.uqam.ca\/index.php\/wp-json\/wp\/v2\/posts\/6940\/revisions\/6951"}],"wp:attachment":[{"href":"https:\/\/www.carrierologie.uqam.ca\/index.php\/wp-json\/wp\/v2\/media?parent=6940"}],"wp:term":[{"taxonomy":"category","embeddable":true,"href":"https:\/\/www.carrierologie.uqam.ca\/index.php\/wp-json\/wp\/v2\/categories?post=6940"},{"taxonomy":"post_tag","embeddable":true,"href":"https:\/\/www.carrierologie.uqam.ca\/index.php\/wp-json\/wp\/v2\/tags?post=6940"}],"curies":[{"name":"wp","href":"https:\/\/api.w.org\/{rel}","templated":true}]}}